{"id":1155,"date":"2025-01-06T16:37:01","date_gmt":"2025-01-06T16:37:01","guid":{"rendered":"https:\/\/www.logisquebec.com\/blog\/?p=1155"},"modified":"2025-01-06T16:41:04","modified_gmt":"2025-01-06T16:41:04","slug":"comprendre-laugmentation-des-loyers-en-2025-au-quebec-un-guide-complet","status":"publish","type":"post","link":"https:\/\/www.logisquebec.com\/blog\/comprendre-laugmentation-des-loyers-en-2025-au-quebec-un-guide-complet\/","title":{"rendered":"Comprendre l&rsquo;augmentation des loyers en 2025 au Qu\u00e9bec : Un guide complet"},"content":{"rendered":"\n<p>L&rsquo;augmentation de loyer est un sujet br\u00fblant qui pr\u00e9occupe de nombreux Qu\u00e9b\u00e9cois. Que vous soyez locataire ou propri\u00e9taire, il est crucial de comprendre <strong>les tenants et aboutissants<\/strong> de cette r\u00e9alit\u00e9 \u00e9conomique qui fa\u00e7onnera <strong>le paysage immobilier en 2025<\/strong>.<\/p>\n\n\n\n<p>Cet article, propos\u00e9 par <a href=\"https:\/\/www.logisquebec.com\/\"><strong>Logis Qu\u00e9bec<\/strong><\/a>, examine les raisons principales derri\u00e8re ces hausses, les nouvelles r\u00e8gles en vigueur et partage des conseils pratiques pour mieux g\u00e9rer ces changements.<\/p>\n\n\n\n<h2 class=\"wp-block-heading\">Qu&rsquo;est-ce qui d\u00e9termine l&rsquo;augmentation des loyers en 2025?<\/h2>\n\n\n\n<p>Les augmentations de loyer en 2025 seront influenc\u00e9es par <strong>une combinaison complexe de facteurs \u00e9conomiques<\/strong> et sociaux. Les tendances d\u00e9mographiques, telles que <strong>l&rsquo;urbanisation croissante<\/strong>, joueront \u00e9galement un r\u00f4le cl\u00e9.<\/p>\n\n\n\n<h3 class=\"wp-block-heading\">R\u00f4le des r\u00e9gulations gouvernementales<\/h3>\n\n\n\n<p>Les r\u00e9gulations gouvernementales jouent un r\u00f4le primordial dans <strong>la d\u00e9termination des augmentations de loyer<\/strong> au Qu\u00e9bec. En 2025, ces r\u00e8gles deviendront encore plus strictes, avec pour objectif de <strong>mieux prot\u00e9ger les locataires<\/strong> tout en garantissant aux propri\u00e9taires les moyens d\u2019entretenir leurs logements. Le gouvernement fixera des plafonds pour les hausses annuelles, en tenant compte de divers facteurs \u00e9conomiques tels que l&rsquo;inflation et les co\u00fbts d&rsquo;entretien des b\u00e2timents.<\/p>\n\n\n\n<p>Ces r\u00e9gulations influenceront directement <strong>la mani\u00e8re dont les propri\u00e9taires pourront ajuster leurs loyers<\/strong>, en imposant des limites sur le pourcentage d&rsquo;augmentation autoris\u00e9. Par exemple, si l&rsquo;inflation atteint 2%, le gouvernement pourrait <strong>plafonner les hausses \u00e0 3%<\/strong>, laissant une marge de 1% pour couvrir les frais suppl\u00e9mentaires des propri\u00e9taires.<\/p>\n\n\n\n<h3 class=\"wp-block-heading\">Augmentations de loyer<\/h3>\n\n\n\n<p>En 2025, les augmentations de loyer r\u00e9sulteront d\u2019un \u00e9quilibre entre <strong>les exigences du march\u00e9<\/strong> et les r\u00e9gulations en place. Les propri\u00e9taires devront justifier toute hausse en s\u2019appuyant sur des crit\u00e8res pr\u00e9cis, comme <strong>l\u2019augmentation des taxes municipales<\/strong>, les frais de r\u00e9novation ou les fluctuations du march\u00e9 immobilier local.<\/p>\n\n\n\n<p>La hausse moyenne pourrait varier consid\u00e9rablement selon <strong>les r\u00e9gions et les types de logements<\/strong>. Par exemple, les appartements dans les centres urbains pourraient conna\u00eetre des augmentations plus importantes que <strong>les maisons en banlieue<\/strong>, en raison de la forte demande et de la raret\u00e9 des terrains disponibles.<\/p>\n\n\n\n<h2 class=\"wp-block-heading\">Les nouvelles r\u00e8gles pour les propri\u00e9taires en 2025<\/h2>\n\n\n\n<p>Les nouvelles directives viseront \u00e0 \u00e9quilibrer <a href=\"https:\/\/www.logisquebec.com\/blog\/5-elements-souvent-meconnus-sur-les-droits-du-proprietaire-au-quebec\/\"><strong>les int\u00e9r\u00eats des propri\u00e9taires<\/strong><\/a><strong> <\/strong>et des locataires, tout en favorisant un march\u00e9 locatif stable. Les propri\u00e9taires devront \u00e9galement s&rsquo;adapter \u00e0 <strong>des exigences administratives accrues<\/strong> pour justifier les augmentations. Ces changements pourraient encourager une plus grande transparence et responsabilisation dans le secteur immobilier.<\/p>\n\n\n\n<h3 class=\"wp-block-heading\">Ce que dit le Tribunal administratif du logement<\/h3>\n\n\n\n<p>Le Tribunal administratif du logement \u00e9tablira de nouvelles directives pour <strong>encadrer la fixation de loyer<\/strong> en 2025. Ces r\u00e8gles viseront \u00e0 assurer une plus grande transparence dans le processus d&rsquo;augmentation et \u00e0 <a href=\"https:\/\/www.logisquebec.com\/blog\/regie-logement-quebec-recours-locataires\/\"><strong>prot\u00e9ger les droits des locataires<\/strong><\/a>.<\/p>\n\n\n\n<p>Les propri\u00e9taires seront tenus de fournir <strong>un avis d\u00e9taill\u00e9 justifiant toute hausse<\/strong>, en incluant un calcul pr\u00e9cis bas\u00e9 sur les crit\u00e8res \u00e9tablis par le Tribunal. Cette d\u00e9marche vise \u00e0 r\u00e9duire les diff\u00e9rends avec votre locateur ou votre locataire et \u00e0 promouvoir <strong>des n\u00e9gociations \u00e9quitables<\/strong>.<\/p>\n\n\n\n<h3 class=\"wp-block-heading\">Les droits des locataires face \u00e0 une hausse<\/h3>\n\n\n\n<p>Les locataires b\u00e9n\u00e9ficieront de <strong>protections renforc\u00e9es en 2025<\/strong>. Ils auront le droit de contester toute augmentation jug\u00e9e excessive aupr\u00e8s du TAL. De plus, les propri\u00e9taires devront respecter <strong>des d\u00e9lais stricts pour notifier les locataires<\/strong> de toute hausse pr\u00e9vue, leur donnant ainsi le temps de se pr\u00e9parer ou de chercher d&rsquo;autres options.<\/p>\n\n\n\n<p>Un nouveau syst\u00e8me de m\u00e9diation sera mis en place pour <strong>r\u00e9soudre les conflits li\u00e9s aux augmentations<\/strong>, offrant une alternative plus rapide et moins co\u00fbteuse que les proc\u00e9dures judiciaires traditionnelles.<\/p>\n\n\n\n<h3 class=\"wp-block-heading\">Les limites l\u00e9gales impos\u00e9es aux propri\u00e9taires<\/h3>\n\n\n\n<p>En 2025, <strong>des plafonds stricts seront appliqu\u00e9s<\/strong> pour encadrer les augmentations annuelles de loyer, avec des pourcentages variables selon le type de logement et la r\u00e9gion. Par exemple, les logements abordables pourraient b\u00e9n\u00e9ficier d\u2019<strong>un pourcentage d\u2019augmentation plus faible<\/strong> que les logements haut de gamme.<\/p>\n\n\n\n<p>De plus, toute hausse exc\u00e9dant un certain seuil devra \u00eatre approuv\u00e9e par le Tribunal administratif du logement. Cette mesure vise \u00e0 s\u2019assurer que les augmentations significatives sont justifi\u00e9es et r\u00e9pondent \u00e0 <strong>des besoins r\u00e9els<\/strong>, comme des r\u00e9novations majeures ou une hausse des co\u00fbts d\u2019exploitation.<\/p>\n\n\n\n<figure class=\"wp-block-image size-full\"><a href=\"https:\/\/www.logisquebec.com\/blog\/wp-content\/uploads\/2025\/01\/towfiqu-barbhuiya-JhevWHCbVyw-unsplash_publish.jpg\"><img loading=\"lazy\" decoding=\"async\" width=\"866\" height=\"514\" src=\"https:\/\/www.logisquebec.com\/blog\/wp-content\/uploads\/2025\/01\/towfiqu-barbhuiya-JhevWHCbVyw-unsplash_publish.jpg\" alt=\"personne utilisant une calculatrice\" class=\"wp-image-1158\" srcset=\"https:\/\/www.logisquebec.com\/blog\/wp-content\/uploads\/2025\/01\/towfiqu-barbhuiya-JhevWHCbVyw-unsplash_publish.jpg 866w, https:\/\/www.logisquebec.com\/blog\/wp-content\/uploads\/2025\/01\/towfiqu-barbhuiya-JhevWHCbVyw-unsplash_publish-300x178.jpg 300w, https:\/\/www.logisquebec.com\/blog\/wp-content\/uploads\/2025\/01\/towfiqu-barbhuiya-JhevWHCbVyw-unsplash_publish-768x456.jpg 768w, https:\/\/www.logisquebec.com\/blog\/wp-content\/uploads\/2025\/01\/towfiqu-barbhuiya-JhevWHCbVyw-unsplash_publish-254x152.jpg 254w\" sizes=\"auto, (max-width: 866px) 100vw, 866px\" \/><\/a><\/figure>\n\n\n\n<h2 class=\"wp-block-heading\">Pr\u00e9parer son budget face \u00e0 l&rsquo;augmentation des loyers<\/h2>\n\n\n\n<p>Pour faire face aux hausses de loyer au Canada, il est important de <strong>planifier son budget \u00e0 l\u2019avance<\/strong>. Revoir ses d\u00e9penses mensuelles et pr\u00e9voir une r\u00e9serve pour <strong>les ajustements de loyer<\/strong> peut s\u2019av\u00e9rer judicieux. Envisager des solutions comme la colocation peut \u00e9galement permettre de r\u00e9duire les frais tout en partageant les charges li\u00e9es au logement.<\/p>\n\n\n\n<h3 class=\"wp-block-heading\">Astuces pour n\u00e9gocier une hausse raisonnable<\/h3>\n\n\n\n<p>N\u00e9gocier une augmentation de loyer peut sembler difficile, mais c\u2019est <strong>une d\u00e9marche essentielle<\/strong> pour pr\u00e9server un budget \u00e9quilibr\u00e9. Voici quelques conseils pour y parvenir :<\/p>\n\n\n\n<ol class=\"wp-block-list\">\n<li><strong>Informez-vous<\/strong> : Comparez les prix moyens des loyers moyens dans votre quartier pour avoir des arguments solides.<\/li>\n\n\n\n<li><strong>Soyez proactif<\/strong> : Entamez la discussion avant la p\u00e9riode de renouvellement du <strong>bail<\/strong> de location.<\/li>\n\n\n\n<li><strong>Proposez des solutions<\/strong> : Offrez de contribuer \u00e0 l\u2019entretien ou \u00e0 de petites am\u00e9liorations en \u00e9change d\u2019une hausse limit\u00e9e<\/li>\n\n\n\n<li><strong>Soyez ouvert au compromis<\/strong> : Une l\u00e9g\u00e8re augmentation peut \u00eatre pr\u00e9f\u00e9rable \u00e0 un d\u00e9m\u00e9nagement co\u00fbteux.<\/li>\n<\/ol>\n\n\n\n<h3 class=\"wp-block-heading\">Les aides financi\u00e8res disponibles au Qu\u00e9bec<\/h3>\n\n\n\n<p>Pour aider les locataires \u00e0 faire face aux hausses de loyer, le gouvernement qu\u00e9b\u00e9cois propose <strong>plusieurs types de soutien financier<\/strong> :<\/p>\n\n\n\n<div class=\"wp-block-group\"><div class=\"wp-block-group__inner-container is-layout-constrained wp-block-group-is-layout-constrained\">\n<figure class=\"wp-block-table\"><table class=\"has-fixed-layout\"><tbody><tr><td><strong>Programme<\/strong><\/td><td><strong>Description<\/strong><\/td><td><strong>Crit\u00e8res d&rsquo;\u00e9ligibilit\u00e9<\/strong><\/td><\/tr><tr><td><a href=\"https:\/\/www.revenuquebec.ca\/fr\/citoyens\/votre-situation\/faible-revenu\/programme-allocation-logement\/\">Allocation-Logement<\/a><\/td><td>Aide financi\u00e8re mensuelle pouvant atteindre 170\u202f$ par mois.<\/td><td>&#8211; R\u00e9sider au Qu\u00e9bec.-<br>Ne pas \u00eatre exon\u00e9r\u00e9 d&rsquo;imp\u00f4t pour l&rsquo;ann\u00e9e pr\u00e9c\u00e9dente.- \u00catre locataire, propri\u00e9taire ou chambreur.- Avoir 50 ans et plus ou un enfant \u00e0 charge.- Avoir un revenu familial sous un certain seuil et consacrer au moins 30 % de ce revenu au logement.<\/td><\/tr><tr><td><a href=\"https:\/\/www.habitation.gouv.qc.ca\/programme\/programme\/programme-de-supplement-au-loyer-quebec-pslq\">Programme de suppl\u00e9ment au loyer<\/a> (PSLQ)<\/td><td>Permet \u00e0 des m\u00e9nages \u00e0 faible revenu d&rsquo;habiter des logements du march\u00e9 priv\u00e9, de coop\u00e9ratives ou d&rsquo;OSBL, en payant un loyer \u00e9quivalent \u00e0 25 % de leur revenu.<\/td><td>&#8211; \u00catre admissible \u00e0 un logement \u00e0 loyer modique.-<br>Les crit\u00e8res pr\u00e9cis varient selon le volet du programme et la situation du m\u00e9nage (sans logement, victime de violence, etc.).<\/td><\/tr><\/tbody><\/table><\/figure>\n<\/div><\/div>\n\n\n\n<p>N&rsquo;h\u00e9sitez pas \u00e0 vous renseigner aupr\u00e8s de votre <strong>municipalit\u00e9 ou des organismes locaux <\/strong>d&rsquo;aide au logement pour conna\u00eetre toutes les options \u00e0 votre disposition.<\/p>\n","protected":false},"excerpt":{"rendered":"<p>L&rsquo;augmentation de loyer est un sujet br\u00fblant qui pr\u00e9occupe de nombreux Qu\u00e9b\u00e9cois. Que vous soyez locataire ou propri\u00e9taire, il est crucial de comprendre les tenants et aboutissants de cette r\u00e9alit\u00e9 \u00e9conomique qui fa\u00e7onnera le paysage immobilier en 2025. Cet article, propos\u00e9 par Logis Qu\u00e9bec, examine les raisons principales derri\u00e8re ces hausses, les nouvelles r\u00e8gles en<\/p>\n","protected":false},"author":1,"featured_media":1156,"comment_status":"closed","ping_status":"open","sticky":false,"template":"","format":"standard","meta":{"footnotes":""},"categories":[2],"tags":[],"class_list":{"0":"post-1155","1":"post","2":"type-post","3":"status-publish","4":"format-standard","5":"has-post-thumbnail","7":"category-location"},"yoast_head":"<!-- This site is optimized with the Yoast SEO plugin v27.5 - https:\/\/yoast.com\/product\/yoast-seo-wordpress\/ -->\n<title>Comprendre l&#039;augmentation des loyers en 2025 au Qu\u00e9bec : Un guide complet - LogisQu\u00e9bec<\/title>\n<meta name=\"description\" content=\"Comprenez et planifiez face \u00e0 l&#039;augmentation du loyer en 2025 : d\u00e9couvrez les raisons, les nouvelles r\u00e8gles et des astuces pour mieux g\u00e9rer votre budget.\" \/>\n<meta name=\"robots\" content=\"index, follow, max-snippet:-1, max-image-preview:large, max-video-preview:-1\" \/>\n<link rel=\"canonical\" href=\"https:\/\/www.logisquebec.com\/blog\/comprendre-laugmentation-des-loyers-en-2025-au-quebec-un-guide-complet\/\" \/>\n<meta property=\"og:locale\" content=\"fr_CA\" \/>\n<meta property=\"og:type\" content=\"article\" \/>\n<meta property=\"og:title\" content=\"Comprendre l&#039;augmentation des loyers en 2025 au Qu\u00e9bec : Un guide complet - LogisQu\u00e9bec\" \/>\n<meta property=\"og:description\" content=\"Comprenez et planifiez face \u00e0 l&#039;augmentation du loyer en 2025 : d\u00e9couvrez les raisons, les nouvelles r\u00e8gles et des astuces pour mieux g\u00e9rer votre budget.\" \/>\n<meta property=\"og:url\" content=\"https:\/\/www.logisquebec.com\/blog\/comprendre-laugmentation-des-loyers-en-2025-au-quebec-un-guide-complet\/\" \/>\n<meta property=\"og:site_name\" content=\"Le blogue d\u2019informations pratiques sur l\u2019immobilier au Qu\u00e9bec\" \/>\n<meta property=\"article:published_time\" content=\"2025-01-06T16:37:01+00:00\" \/>\n<meta property=\"article:modified_time\" content=\"2025-01-06T16:41:04+00:00\" \/>\n<meta property=\"og:image\" content=\"https:\/\/www.logisquebec.com\/blog\/wp-content\/uploads\/2025\/01\/iStock-1477742045-Converted_publish.jpg\" \/>\n\t<meta property=\"og:image:width\" content=\"866\" \/>\n\t<meta property=\"og:image:height\" content=\"514\" \/>\n\t<meta property=\"og:image:type\" content=\"image\/jpeg\" \/>\n<meta name=\"author\" content=\"logisqcadmin\" \/>\n<meta name=\"twitter:card\" content=\"summary_large_image\" \/>\n<meta name=\"twitter:label1\" content=\"\u00c9crit par\" \/>\n\t<meta name=\"twitter:data1\" content=\"logisqcadmin\" \/>\n\t<meta name=\"twitter:label2\" content=\"Estimation du temps de lecture\" \/>\n\t<meta name=\"twitter:data2\" content=\"6 minutes\" \/>\n<script type=\"application\/ld+json\" class=\"yoast-schema-graph\">{\"@context\":\"https:\\\/\\\/schema.org\",\"@graph\":[{\"@type\":\"Article\",\"@id\":\"https:\\\/\\\/www.logisquebec.com\\\/blog\\\/comprendre-laugmentation-des-loyers-en-2025-au-quebec-un-guide-complet\\\/#article\",\"isPartOf\":{\"@id\":\"https:\\\/\\\/www.logisquebec.com\\\/blog\\\/comprendre-laugmentation-des-loyers-en-2025-au-quebec-un-guide-complet\\\/\"},\"author\":{\"name\":\"logisqcadmin\",\"@id\":\"https:\\\/\\\/www.logisquebec.com\\\/blog\\\/#\\\/schema\\\/person\\\/485391ff3c1a74825d6cd81569a65fc1\"},\"headline\":\"Comprendre l&rsquo;augmentation des loyers en 2025 au Qu\u00e9bec : Un guide complet\",\"datePublished\":\"2025-01-06T16:37:01+00:00\",\"dateModified\":\"2025-01-06T16:41:04+00:00\",\"mainEntityOfPage\":{\"@id\":\"https:\\\/\\\/www.logisquebec.com\\\/blog\\\/comprendre-laugmentation-des-loyers-en-2025-au-quebec-un-guide-complet\\\/\"},\"wordCount\":1106,\"image\":{\"@id\":\"https:\\\/\\\/www.logisquebec.com\\\/blog\\\/comprendre-laugmentation-des-loyers-en-2025-au-quebec-un-guide-complet\\\/#primaryimage\"},\"thumbnailUrl\":\"https:\\\/\\\/www.logisquebec.com\\\/blog\\\/wp-content\\\/uploads\\\/2025\\\/01\\\/iStock-1477742045-Converted_publish.jpg\",\"articleSection\":[\"location\"],\"inLanguage\":\"fr-CA\"},{\"@type\":\"WebPage\",\"@id\":\"https:\\\/\\\/www.logisquebec.com\\\/blog\\\/comprendre-laugmentation-des-loyers-en-2025-au-quebec-un-guide-complet\\\/\",\"url\":\"https:\\\/\\\/www.logisquebec.com\\\/blog\\\/comprendre-laugmentation-des-loyers-en-2025-au-quebec-un-guide-complet\\\/\",\"name\":\"Comprendre l'augmentation des loyers en 2025 au Qu\u00e9bec : Un guide complet - LogisQu\u00e9bec\",\"isPartOf\":{\"@id\":\"https:\\\/\\\/www.logisquebec.com\\\/blog\\\/#website\"},\"primaryImageOfPage\":{\"@id\":\"https:\\\/\\\/www.logisquebec.com\\\/blog\\\/comprendre-laugmentation-des-loyers-en-2025-au-quebec-un-guide-complet\\\/#primaryimage\"},\"image\":{\"@id\":\"https:\\\/\\\/www.logisquebec.com\\\/blog\\\/comprendre-laugmentation-des-loyers-en-2025-au-quebec-un-guide-complet\\\/#primaryimage\"},\"thumbnailUrl\":\"https:\\\/\\\/www.logisquebec.com\\\/blog\\\/wp-content\\\/uploads\\\/2025\\\/01\\\/iStock-1477742045-Converted_publish.jpg\",\"datePublished\":\"2025-01-06T16:37:01+00:00\",\"dateModified\":\"2025-01-06T16:41:04+00:00\",\"author\":{\"@id\":\"https:\\\/\\\/www.logisquebec.com\\\/blog\\\/#\\\/schema\\\/person\\\/485391ff3c1a74825d6cd81569a65fc1\"},\"description\":\"Comprenez et planifiez face \u00e0 l'augmentation du loyer en 2025 : d\u00e9couvrez les raisons, les nouvelles r\u00e8gles et des astuces pour mieux g\u00e9rer votre budget.\",\"breadcrumb\":{\"@id\":\"https:\\\/\\\/www.logisquebec.com\\\/blog\\\/comprendre-laugmentation-des-loyers-en-2025-au-quebec-un-guide-complet\\\/#breadcrumb\"},\"inLanguage\":\"fr-CA\",\"potentialAction\":[{\"@type\":\"ReadAction\",\"target\":[\"https:\\\/\\\/www.logisquebec.com\\\/blog\\\/comprendre-laugmentation-des-loyers-en-2025-au-quebec-un-guide-complet\\\/\"]}]},{\"@type\":\"ImageObject\",\"inLanguage\":\"fr-CA\",\"@id\":\"https:\\\/\\\/www.logisquebec.com\\\/blog\\\/comprendre-laugmentation-des-loyers-en-2025-au-quebec-un-guide-complet\\\/#primaryimage\",\"url\":\"https:\\\/\\\/www.logisquebec.com\\\/blog\\\/wp-content\\\/uploads\\\/2025\\\/01\\\/iStock-1477742045-Converted_publish.jpg\",\"contentUrl\":\"https:\\\/\\\/www.logisquebec.com\\\/blog\\\/wp-content\\\/uploads\\\/2025\\\/01\\\/iStock-1477742045-Converted_publish.jpg\",\"width\":866,\"height\":514,\"caption\":\"femme faisant un calcul\"},{\"@type\":\"BreadcrumbList\",\"@id\":\"https:\\\/\\\/www.logisquebec.com\\\/blog\\\/comprendre-laugmentation-des-loyers-en-2025-au-quebec-un-guide-complet\\\/#breadcrumb\",\"itemListElement\":[{\"@type\":\"ListItem\",\"position\":1,\"name\":\"Accueil\",\"item\":\"https:\\\/\\\/www.logisquebec.com\\\/blog\\\/\"},{\"@type\":\"ListItem\",\"position\":2,\"name\":\"Comprendre l&rsquo;augmentation des loyers en 2025 au Qu\u00e9bec : Un guide complet\"}]},{\"@type\":\"WebSite\",\"@id\":\"https:\\\/\\\/www.logisquebec.com\\\/blog\\\/#website\",\"url\":\"https:\\\/\\\/www.logisquebec.com\\\/blog\\\/\",\"name\":\"Le blogue d\u2019informations pratiques sur l\u2019immobilier au Qu\u00e9bec\",\"description\":\"\",\"potentialAction\":[{\"@type\":\"SearchAction\",\"target\":{\"@type\":\"EntryPoint\",\"urlTemplate\":\"https:\\\/\\\/www.logisquebec.com\\\/blog\\\/?s={search_term_string}\"},\"query-input\":{\"@type\":\"PropertyValueSpecification\",\"valueRequired\":true,\"valueName\":\"search_term_string\"}}],\"inLanguage\":\"fr-CA\"},{\"@type\":\"Person\",\"@id\":\"https:\\\/\\\/www.logisquebec.com\\\/blog\\\/#\\\/schema\\\/person\\\/485391ff3c1a74825d6cd81569a65fc1\",\"name\":\"logisqcadmin\",\"image\":{\"@type\":\"ImageObject\",\"inLanguage\":\"fr-CA\",\"@id\":\"https:\\\/\\\/secure.gravatar.com\\\/avatar\\\/5cec006740d02494574351ebd09daf76d50359205188f2f5e3e29023e09b9152?s=96&d=mm&r=g\",\"url\":\"https:\\\/\\\/secure.gravatar.com\\\/avatar\\\/5cec006740d02494574351ebd09daf76d50359205188f2f5e3e29023e09b9152?s=96&d=mm&r=g\",\"contentUrl\":\"https:\\\/\\\/secure.gravatar.com\\\/avatar\\\/5cec006740d02494574351ebd09daf76d50359205188f2f5e3e29023e09b9152?s=96&d=mm&r=g\",\"caption\":\"logisqcadmin\"}}]}<\/script>\n<!-- \/ Yoast SEO plugin. -->","yoast_head_json":{"title":"Comprendre l'augmentation des loyers en 2025 au Qu\u00e9bec : Un guide complet - LogisQu\u00e9bec","description":"Comprenez et planifiez face \u00e0 l'augmentation du loyer en 2025 : d\u00e9couvrez les raisons, les nouvelles r\u00e8gles et des astuces pour mieux g\u00e9rer votre budget.","robots":{"index":"index","follow":"follow","max-snippet":"max-snippet:-1","max-image-preview":"max-image-preview:large","max-video-preview":"max-video-preview:-1"},"canonical":"https:\/\/www.logisquebec.com\/blog\/comprendre-laugmentation-des-loyers-en-2025-au-quebec-un-guide-complet\/","og_locale":"fr_CA","og_type":"article","og_title":"Comprendre l'augmentation des loyers en 2025 au Qu\u00e9bec : Un guide complet - LogisQu\u00e9bec","og_description":"Comprenez et planifiez face \u00e0 l'augmentation du loyer en 2025 : d\u00e9couvrez les raisons, les nouvelles r\u00e8gles et des astuces pour mieux g\u00e9rer votre budget.","og_url":"https:\/\/www.logisquebec.com\/blog\/comprendre-laugmentation-des-loyers-en-2025-au-quebec-un-guide-complet\/","og_site_name":"Le blogue d\u2019informations pratiques sur l\u2019immobilier au Qu\u00e9bec","article_published_time":"2025-01-06T16:37:01+00:00","article_modified_time":"2025-01-06T16:41:04+00:00","og_image":[{"width":866,"height":514,"url":"https:\/\/www.logisquebec.com\/blog\/wp-content\/uploads\/2025\/01\/iStock-1477742045-Converted_publish.jpg","type":"image\/jpeg"}],"author":"logisqcadmin","twitter_card":"summary_large_image","twitter_misc":{"\u00c9crit par":"logisqcadmin","Estimation du temps de lecture":"6 minutes"},"schema":{"@context":"https:\/\/schema.org","@graph":[{"@type":"Article","@id":"https:\/\/www.logisquebec.com\/blog\/comprendre-laugmentation-des-loyers-en-2025-au-quebec-un-guide-complet\/#article","isPartOf":{"@id":"https:\/\/www.logisquebec.com\/blog\/comprendre-laugmentation-des-loyers-en-2025-au-quebec-un-guide-complet\/"},"author":{"name":"logisqcadmin","@id":"https:\/\/www.logisquebec.com\/blog\/#\/schema\/person\/485391ff3c1a74825d6cd81569a65fc1"},"headline":"Comprendre l&rsquo;augmentation des loyers en 2025 au Qu\u00e9bec : Un guide complet","datePublished":"2025-01-06T16:37:01+00:00","dateModified":"2025-01-06T16:41:04+00:00","mainEntityOfPage":{"@id":"https:\/\/www.logisquebec.com\/blog\/comprendre-laugmentation-des-loyers-en-2025-au-quebec-un-guide-complet\/"},"wordCount":1106,"image":{"@id":"https:\/\/www.logisquebec.com\/blog\/comprendre-laugmentation-des-loyers-en-2025-au-quebec-un-guide-complet\/#primaryimage"},"thumbnailUrl":"https:\/\/www.logisquebec.com\/blog\/wp-content\/uploads\/2025\/01\/iStock-1477742045-Converted_publish.jpg","articleSection":["location"],"inLanguage":"fr-CA"},{"@type":"WebPage","@id":"https:\/\/www.logisquebec.com\/blog\/comprendre-laugmentation-des-loyers-en-2025-au-quebec-un-guide-complet\/","url":"https:\/\/www.logisquebec.com\/blog\/comprendre-laugmentation-des-loyers-en-2025-au-quebec-un-guide-complet\/","name":"Comprendre l'augmentation des loyers en 2025 au Qu\u00e9bec : Un guide complet - LogisQu\u00e9bec","isPartOf":{"@id":"https:\/\/www.logisquebec.com\/blog\/#website"},"primaryImageOfPage":{"@id":"https:\/\/www.logisquebec.com\/blog\/comprendre-laugmentation-des-loyers-en-2025-au-quebec-un-guide-complet\/#primaryimage"},"image":{"@id":"https:\/\/www.logisquebec.com\/blog\/comprendre-laugmentation-des-loyers-en-2025-au-quebec-un-guide-complet\/#primaryimage"},"thumbnailUrl":"https:\/\/www.logisquebec.com\/blog\/wp-content\/uploads\/2025\/01\/iStock-1477742045-Converted_publish.jpg","datePublished":"2025-01-06T16:37:01+00:00","dateModified":"2025-01-06T16:41:04+00:00","author":{"@id":"https:\/\/www.logisquebec.com\/blog\/#\/schema\/person\/485391ff3c1a74825d6cd81569a65fc1"},"description":"Comprenez et planifiez face \u00e0 l'augmentation du loyer en 2025 : d\u00e9couvrez les raisons, les nouvelles r\u00e8gles et des astuces pour mieux g\u00e9rer votre budget.","breadcrumb":{"@id":"https:\/\/www.logisquebec.com\/blog\/comprendre-laugmentation-des-loyers-en-2025-au-quebec-un-guide-complet\/#breadcrumb"},"inLanguage":"fr-CA","potentialAction":[{"@type":"ReadAction","target":["https:\/\/www.logisquebec.com\/blog\/comprendre-laugmentation-des-loyers-en-2025-au-quebec-un-guide-complet\/"]}]},{"@type":"ImageObject","inLanguage":"fr-CA","@id":"https:\/\/www.logisquebec.com\/blog\/comprendre-laugmentation-des-loyers-en-2025-au-quebec-un-guide-complet\/#primaryimage","url":"https:\/\/www.logisquebec.com\/blog\/wp-content\/uploads\/2025\/01\/iStock-1477742045-Converted_publish.jpg","contentUrl":"https:\/\/www.logisquebec.com\/blog\/wp-content\/uploads\/2025\/01\/iStock-1477742045-Converted_publish.jpg","width":866,"height":514,"caption":"femme faisant un calcul"},{"@type":"BreadcrumbList","@id":"https:\/\/www.logisquebec.com\/blog\/comprendre-laugmentation-des-loyers-en-2025-au-quebec-un-guide-complet\/#breadcrumb","itemListElement":[{"@type":"ListItem","position":1,"name":"Accueil","item":"https:\/\/www.logisquebec.com\/blog\/"},{"@type":"ListItem","position":2,"name":"Comprendre l&rsquo;augmentation des loyers en 2025 au Qu\u00e9bec : Un guide complet"}]},{"@type":"WebSite","@id":"https:\/\/www.logisquebec.com\/blog\/#website","url":"https:\/\/www.logisquebec.com\/blog\/","name":"Le blogue d\u2019informations pratiques sur l\u2019immobilier au Qu\u00e9bec","description":"","potentialAction":[{"@type":"SearchAction","target":{"@type":"EntryPoint","urlTemplate":"https:\/\/www.logisquebec.com\/blog\/?s={search_term_string}"},"query-input":{"@type":"PropertyValueSpecification","valueRequired":true,"valueName":"search_term_string"}}],"inLanguage":"fr-CA"},{"@type":"Person","@id":"https:\/\/www.logisquebec.com\/blog\/#\/schema\/person\/485391ff3c1a74825d6cd81569a65fc1","name":"logisqcadmin","image":{"@type":"ImageObject","inLanguage":"fr-CA","@id":"https:\/\/secure.gravatar.com\/avatar\/5cec006740d02494574351ebd09daf76d50359205188f2f5e3e29023e09b9152?s=96&d=mm&r=g","url":"https:\/\/secure.gravatar.com\/avatar\/5cec006740d02494574351ebd09daf76d50359205188f2f5e3e29023e09b9152?s=96&d=mm&r=g","contentUrl":"https:\/\/secure.gravatar.com\/avatar\/5cec006740d02494574351ebd09daf76d50359205188f2f5e3e29023e09b9152?s=96&d=mm&r=g","caption":"logisqcadmin"}}]}},"_links":{"self":[{"href":"https:\/\/www.logisquebec.com\/blog\/wp-json\/wp\/v2\/posts\/1155","targetHints":{"allow":["GET"]}}],"collection":[{"href":"https:\/\/www.logisquebec.com\/blog\/wp-json\/wp\/v2\/posts"}],"about":[{"href":"https:\/\/www.logisquebec.com\/blog\/wp-json\/wp\/v2\/types\/post"}],"author":[{"embeddable":true,"href":"https:\/\/www.logisquebec.com\/blog\/wp-json\/wp\/v2\/users\/1"}],"replies":[{"embeddable":true,"href":"https:\/\/www.logisquebec.com\/blog\/wp-json\/wp\/v2\/comments?post=1155"}],"version-history":[{"count":3,"href":"https:\/\/www.logisquebec.com\/blog\/wp-json\/wp\/v2\/posts\/1155\/revisions"}],"predecessor-version":[{"id":1160,"href":"https:\/\/www.logisquebec.com\/blog\/wp-json\/wp\/v2\/posts\/1155\/revisions\/1160"}],"wp:featuredmedia":[{"embeddable":true,"href":"https:\/\/www.logisquebec.com\/blog\/wp-json\/wp\/v2\/media\/1156"}],"wp:attachment":[{"href":"https:\/\/www.logisquebec.com\/blog\/wp-json\/wp\/v2\/media?parent=1155"}],"wp:term":[{"taxonomy":"category","embeddable":true,"href":"https:\/\/www.logisquebec.com\/blog\/wp-json\/wp\/v2\/categories?post=1155"},{"taxonomy":"post_tag","embeddable":true,"href":"https:\/\/www.logisquebec.com\/blog\/wp-json\/wp\/v2\/tags?post=1155"}],"curies":[{"name":"wp","href":"https:\/\/api.w.org\/{rel}","templated":true}]}}