{"id":1216,"date":"2025-09-03T15:30:04","date_gmt":"2025-09-03T15:30:04","guid":{"rendered":"https:\/\/www.logisquebec.com\/blog\/?p=1216"},"modified":"2025-09-03T15:30:52","modified_gmt":"2025-09-03T15:30:52","slug":"comment-creer-lespace-de-travail-ideal-pour-votre-enfant-a-la-maison","status":"publish","type":"post","link":"https:\/\/www.logisquebec.com\/blog\/comment-creer-lespace-de-travail-ideal-pour-votre-enfant-a-la-maison\/","title":{"rendered":"Comment cr\u00e9er l&rsquo;espace de travail id\u00e9al pour votre enfant \u00e0 la maison"},"content":{"rendered":"\n<p>Que ce soit pour faire les devoirs, \u00e9tudier ou r\u00e9aliser des projets scolaires, disposer d&rsquo;un espace de travail adapt\u00e9 pour votre enfant est essentiel \u00e0 sa r\u00e9ussite. Un coin bureau bien pens\u00e9 favorise la concentration, l&rsquo;organisation et le plaisir d&rsquo;apprendre. Que vous viviez dans un <a href=\"https:\/\/www.logisquebec.com\/appartement-a-louer-montreal\">appartement \u00e0 Montr\u00e9al<\/a> ou une maison en banlieue, voici nos conseils pour am\u00e9nager un espace de travail pratique et inspirant pour votre enfant.<\/p>\n\n\n\n<h2 class=\"wp-block-heading\">1. Choisir l&#8217;emplacement id\u00e9al<\/h2>\n\n\n\n<p>Le choix de l&#8217;emplacement est crucial. Il doit offrir <strong>luminosit\u00e9 et calme<\/strong>, tout en restant proche d&rsquo;un adulte pour superviser si n\u00e9cessaire.<\/p>\n\n\n\n<ul class=\"wp-block-list\">\n<li><strong>Pr\u00e8s d&rsquo;une fen\u00eatre<\/strong> : La lumi\u00e8re naturelle est excellente pour r\u00e9duire la fatigue visuelle et stimuler la concentration.<\/li>\n\n\n\n<li><strong>\u00c9viter les distractions<\/strong> : Placez le bureau loin de la t\u00e9l\u00e9vision, des consoles de jeux ou des zones de passage.<\/li>\n\n\n\n<li><strong>Utiliser des coins sous-exploit\u00e9s<\/strong> : Un recoin dans le salon, une chambre secondaire ou m\u00eame un placard converti peuvent devenir un espace fonctionnel avec un peu de cr\u00e9ativit\u00e9.<\/li>\n<\/ul>\n\n\n\n<h2 class=\"wp-block-heading\">2. Choisir un mobilier adapt\u00e9<\/h2>\n\n\n\n<p>Le confort est un facteur cl\u00e9 pour un espace de travail productif. Investir dans du mobilier <strong>ergonomique et ajustable<\/strong> est un choix judicieux :<\/p>\n\n\n\n<ul class=\"wp-block-list\">\n<li><strong>Bureau<\/strong> : Il doit \u00eatre \u00e0 la bonne hauteur pour que l&rsquo;enfant puisse \u00e9crire sans tension dans les \u00e9paules. Pour les plus jeunes, un bureau modulable peut s&rsquo;av\u00e9rer pratique.<\/li>\n\n\n\n<li><strong>Chaise<\/strong> : Une chaise confortable et ajustable, avec un bon soutien du dos, est essentielle pour \u00e9viter les mauvaises postures.<\/li>\n\n\n\n<li><strong>Rangements<\/strong> : Bo\u00eetes, tiroirs et \u00e9tag\u00e8res permettent de garder l&rsquo;espace organis\u00e9 et de d\u00e9velopper l&rsquo;autonomie de votre enfant.<\/li>\n<\/ul>\n\n\n\n<h2 class=\"wp-block-heading\">3. Bien organiser l&rsquo;espace<\/h2>\n\n\n\n<p>Un espace de travail bien organis\u00e9 aide votre enfant \u00e0 se concentrer et \u00e0 d\u00e9velopper de bonnes habitudes. Quelques conseils :<\/p>\n\n\n\n<ul class=\"wp-block-list\">\n<li><strong>S\u00e9parer les fournitures<\/strong> : Stylos, crayons, cahiers et papiers doivent avoir leur place.<\/li>\n\n\n\n<li><strong>Limiter le d\u00e9sordre<\/strong> : Encouragez votre enfant \u00e0 ranger ses affaires \u00e0 la fin de chaque s\u00e9ance.<\/li>\n\n\n\n<li><strong>Cr\u00e9er des zones<\/strong> : Si l&rsquo;espace le permet, s\u00e9parez les zones \u00ab travail \u00bb et \u00ab cr\u00e9ation \u00bb pour \u00e9viter la confusion.<\/li>\n<\/ul>\n\n\n\n<h2 class=\"wp-block-heading\">4. D\u00e9corer pour stimuler sans distraire<\/h2>\n\n\n\n<p>La d\u00e9coration joue un r\u00f4le important pour rendre l&rsquo;espace agr\u00e9able :<\/p>\n\n\n\n<ul class=\"wp-block-list\">\n<li><strong>Couleurs douces<\/strong> : Les tons clairs ou pastel favorisent la concentration. \u00c9vitez les couleurs trop vives qui peuvent distraire.<\/li>\n\n\n\n<li><strong>Tableau ou tableau blanc<\/strong> : Pratique pour noter les t\u00e2ches, les id\u00e9es ou les rappels.<\/li>\n\n\n\n<li><strong>\u00c9l\u00e9ments motivants<\/strong> : Photos, illustrations ou citations inspirantes pour personnaliser l&rsquo;espace et rendre le travail plus agr\u00e9able.<\/li>\n<\/ul>\n\n\n\n<h2 class=\"wp-block-heading\">5. \u00c9clairage et technologie<\/h2>\n\n\n\n<p>Un bon \u00e9clairage et une utilisation judicieuse de la technologie sont essentiels :<\/p>\n\n\n\n<ul class=\"wp-block-list\">\n<li><strong>Lampe de bureau<\/strong> : Une lampe orientable permet d&rsquo;\u00e9clairer le plan de travail sans cr\u00e9er d&rsquo;ombres.<\/li>\n\n\n\n<li><strong>\u00c9cran et ordinateur<\/strong> : Pour les enfants plus \u00e2g\u00e9s, assurez-vous que l&rsquo;\u00e9cran soit \u00e0 la hauteur des yeux pour limiter les tensions cervicales.<\/li>\n\n\n\n<li><strong>Connexion Internet<\/strong> : Un espace proche d&rsquo;une prise et d&rsquo;un bon signal Wi-Fi garantit un apprentissage fluide.<\/li>\n<\/ul>\n\n\n\n<h2 class=\"wp-block-heading\">6. Impliquer votre enfant<\/h2>\n\n\n\n<p>L&rsquo;un des aspects les plus importants est d&rsquo;impliquer votre enfant dans l&rsquo;am\u00e9nagement de son espace :<\/p>\n\n\n\n<ul class=\"wp-block-list\">\n<li>Laissez-le choisir quelques \u00e9l\u00e9ments d\u00e9coratifs.<\/li>\n\n\n\n<li>Demandez-lui comment il pr\u00e9f\u00e8re organiser ses fournitures.<\/li>\n\n\n\n<li>Encouragez-le \u00e0 prendre soin de son espace au quotidien.<\/li>\n<\/ul>\n\n\n\n<h2 class=\"wp-block-heading\">Conclusion<\/h2>\n\n\n\n<p>Am\u00e9nager un espace de travail pour votre enfant ne se r\u00e9sume pas \u00e0 poser un bureau et une chaise. Il s&rsquo;agit de cr\u00e9er un environnement <strong>fonctionnel, confortable et motivant<\/strong>, adapt\u00e9 \u00e0 son \u00e2ge et \u00e0 ses besoins. Un coin travail bien pens\u00e9 favorise la concentration, d\u00e9veloppe l&rsquo;autonomie et rend les moments d&rsquo;\u00e9tude plus agr\u00e9ables.<\/p>\n\n\n\n<p>Que vous viviez dans un <strong>appartement \u00e0 Montr\u00e9al<\/strong>, une maison en banlieue ou un condo en ville, quelques ajustements simples peuvent transformer n&rsquo;importe quel coin en espace d&rsquo;apprentissage optimal pour votre enfant.<\/p>\n","protected":false},"excerpt":{"rendered":"<p>Que ce soit pour faire les devoirs, \u00e9tudier ou r\u00e9aliser des projets scolaires, disposer d&rsquo;un espace de travail adapt\u00e9 pour votre enfant est essentiel \u00e0 sa r\u00e9ussite. Un coin bureau bien pens\u00e9 favorise la concentration, l&rsquo;organisation et le plaisir d&rsquo;apprendre. Que vous viviez dans un appartement \u00e0 Montr\u00e9al ou une maison en banlieue, voici nos<\/p>\n","protected":false},"author":1,"featured_media":1218,"comment_status":"closed","ping_status":"open","sticky":false,"template":"","format":"standard","meta":{"footnotes":""},"categories":[2],"tags":[],"class_list":{"0":"post-1216","1":"post","2":"type-post","3":"status-publish","4":"format-standard","5":"has-post-thumbnail","7":"category-location"},"yoast_head":"<!-- This site is optimized with the Yoast SEO plugin v27.5 - https:\/\/yoast.com\/product\/yoast-seo-wordpress\/ -->\n<title>Comment cr\u00e9er l&#039;espace de travail id\u00e9al pour votre enfant \u00e0 la maison - Le blogue d\u2019informations pratiques sur l\u2019immobilier au Qu\u00e9bec<\/title>\n<meta name=\"description\" content=\"Transformez n&#039;importe quel coin en espace de travail optimal pour votre enfant. Conseils pratiques pour am\u00e9nager un bureau fonctionnel et inspirant.\" \/>\n<meta name=\"robots\" content=\"index, follow, max-snippet:-1, max-image-preview:large, max-video-preview:-1\" \/>\n<link rel=\"canonical\" href=\"https:\/\/www.logisquebec.com\/blog\/comment-creer-lespace-de-travail-ideal-pour-votre-enfant-a-la-maison\/\" \/>\n<meta property=\"og:locale\" content=\"fr_CA\" \/>\n<meta property=\"og:type\" content=\"article\" \/>\n<meta property=\"og:title\" content=\"Comment cr\u00e9er l&#039;espace de travail id\u00e9al pour votre enfant \u00e0 la maison - Le blogue d\u2019informations pratiques sur l\u2019immobilier au Qu\u00e9bec\" \/>\n<meta property=\"og:description\" content=\"Transformez n&#039;importe quel coin en espace de travail optimal pour votre enfant. Conseils pratiques pour am\u00e9nager un bureau fonctionnel et inspirant.\" \/>\n<meta property=\"og:url\" content=\"https:\/\/www.logisquebec.com\/blog\/comment-creer-lespace-de-travail-ideal-pour-votre-enfant-a-la-maison\/\" \/>\n<meta property=\"og:site_name\" content=\"Le blogue d\u2019informations pratiques sur l\u2019immobilier au Qu\u00e9bec\" \/>\n<meta property=\"article:published_time\" content=\"2025-09-03T15:30:04+00:00\" \/>\n<meta property=\"article:modified_time\" content=\"2025-09-03T15:30:52+00:00\" \/>\n<meta property=\"og:image\" content=\"https:\/\/www.logisquebec.com\/blog\/wp-content\/uploads\/2025\/09\/iStock-1217369972-publish.jpg\" \/>\n\t<meta property=\"og:image:width\" content=\"866\" \/>\n\t<meta property=\"og:image:height\" content=\"514\" \/>\n\t<meta property=\"og:image:type\" content=\"image\/jpeg\" \/>\n<meta name=\"author\" content=\"logisqcadmin\" \/>\n<meta name=\"twitter:card\" content=\"summary_large_image\" \/>\n<meta name=\"twitter:label1\" content=\"\u00c9crit par\" \/>\n\t<meta name=\"twitter:data1\" content=\"logisqcadmin\" \/>\n\t<meta name=\"twitter:label2\" content=\"Estimation du temps de lecture\" \/>\n\t<meta name=\"twitter:data2\" content=\"4 minutes\" \/>\n<script type=\"application\/ld+json\" class=\"yoast-schema-graph\">{\"@context\":\"https:\\\/\\\/schema.org\",\"@graph\":[{\"@type\":\"Article\",\"@id\":\"https:\\\/\\\/www.logisquebec.com\\\/blog\\\/comment-creer-lespace-de-travail-ideal-pour-votre-enfant-a-la-maison\\\/#article\",\"isPartOf\":{\"@id\":\"https:\\\/\\\/www.logisquebec.com\\\/blog\\\/comment-creer-lespace-de-travail-ideal-pour-votre-enfant-a-la-maison\\\/\"},\"author\":{\"name\":\"logisqcadmin\",\"@id\":\"https:\\\/\\\/www.logisquebec.com\\\/blog\\\/#\\\/schema\\\/person\\\/485391ff3c1a74825d6cd81569a65fc1\"},\"headline\":\"Comment cr\u00e9er l&rsquo;espace de travail id\u00e9al pour votre enfant \u00e0 la maison\",\"datePublished\":\"2025-09-03T15:30:04+00:00\",\"dateModified\":\"2025-09-03T15:30:52+00:00\",\"mainEntityOfPage\":{\"@id\":\"https:\\\/\\\/www.logisquebec.com\\\/blog\\\/comment-creer-lespace-de-travail-ideal-pour-votre-enfant-a-la-maison\\\/\"},\"wordCount\":648,\"image\":{\"@id\":\"https:\\\/\\\/www.logisquebec.com\\\/blog\\\/comment-creer-lespace-de-travail-ideal-pour-votre-enfant-a-la-maison\\\/#primaryimage\"},\"thumbnailUrl\":\"https:\\\/\\\/www.logisquebec.com\\\/blog\\\/wp-content\\\/uploads\\\/2025\\\/09\\\/iStock-1217369972-publish.jpg\",\"articleSection\":[\"location\"],\"inLanguage\":\"fr-CA\"},{\"@type\":\"WebPage\",\"@id\":\"https:\\\/\\\/www.logisquebec.com\\\/blog\\\/comment-creer-lespace-de-travail-ideal-pour-votre-enfant-a-la-maison\\\/\",\"url\":\"https:\\\/\\\/www.logisquebec.com\\\/blog\\\/comment-creer-lespace-de-travail-ideal-pour-votre-enfant-a-la-maison\\\/\",\"name\":\"Comment cr\u00e9er l'espace de travail id\u00e9al pour votre enfant \u00e0 la maison - Le blogue d\u2019informations pratiques sur l\u2019immobilier au Qu\u00e9bec\",\"isPartOf\":{\"@id\":\"https:\\\/\\\/www.logisquebec.com\\\/blog\\\/#website\"},\"primaryImageOfPage\":{\"@id\":\"https:\\\/\\\/www.logisquebec.com\\\/blog\\\/comment-creer-lespace-de-travail-ideal-pour-votre-enfant-a-la-maison\\\/#primaryimage\"},\"image\":{\"@id\":\"https:\\\/\\\/www.logisquebec.com\\\/blog\\\/comment-creer-lespace-de-travail-ideal-pour-votre-enfant-a-la-maison\\\/#primaryimage\"},\"thumbnailUrl\":\"https:\\\/\\\/www.logisquebec.com\\\/blog\\\/wp-content\\\/uploads\\\/2025\\\/09\\\/iStock-1217369972-publish.jpg\",\"datePublished\":\"2025-09-03T15:30:04+00:00\",\"dateModified\":\"2025-09-03T15:30:52+00:00\",\"author\":{\"@id\":\"https:\\\/\\\/www.logisquebec.com\\\/blog\\\/#\\\/schema\\\/person\\\/485391ff3c1a74825d6cd81569a65fc1\"},\"description\":\"Transformez n'importe quel coin en espace de travail optimal pour votre enfant. Conseils pratiques pour am\u00e9nager un bureau fonctionnel et inspirant.\",\"breadcrumb\":{\"@id\":\"https:\\\/\\\/www.logisquebec.com\\\/blog\\\/comment-creer-lespace-de-travail-ideal-pour-votre-enfant-a-la-maison\\\/#breadcrumb\"},\"inLanguage\":\"fr-CA\",\"potentialAction\":[{\"@type\":\"ReadAction\",\"target\":[\"https:\\\/\\\/www.logisquebec.com\\\/blog\\\/comment-creer-lespace-de-travail-ideal-pour-votre-enfant-a-la-maison\\\/\"]}]},{\"@type\":\"ImageObject\",\"inLanguage\":\"fr-CA\",\"@id\":\"https:\\\/\\\/www.logisquebec.com\\\/blog\\\/comment-creer-lespace-de-travail-ideal-pour-votre-enfant-a-la-maison\\\/#primaryimage\",\"url\":\"https:\\\/\\\/www.logisquebec.com\\\/blog\\\/wp-content\\\/uploads\\\/2025\\\/09\\\/iStock-1217369972-publish.jpg\",\"contentUrl\":\"https:\\\/\\\/www.logisquebec.com\\\/blog\\\/wp-content\\\/uploads\\\/2025\\\/09\\\/iStock-1217369972-publish.jpg\",\"width\":866,\"height\":514,\"caption\":\"Enfant faisant ses devoirs\"},{\"@type\":\"BreadcrumbList\",\"@id\":\"https:\\\/\\\/www.logisquebec.com\\\/blog\\\/comment-creer-lespace-de-travail-ideal-pour-votre-enfant-a-la-maison\\\/#breadcrumb\",\"itemListElement\":[{\"@type\":\"ListItem\",\"position\":1,\"name\":\"Accueil\",\"item\":\"https:\\\/\\\/www.logisquebec.com\\\/blog\\\/\"},{\"@type\":\"ListItem\",\"position\":2,\"name\":\"Comment cr\u00e9er l&rsquo;espace de travail id\u00e9al pour votre enfant \u00e0 la maison\"}]},{\"@type\":\"WebSite\",\"@id\":\"https:\\\/\\\/www.logisquebec.com\\\/blog\\\/#website\",\"url\":\"https:\\\/\\\/www.logisquebec.com\\\/blog\\\/\",\"name\":\"Le blogue d\u2019informations pratiques sur l\u2019immobilier au Qu\u00e9bec\",\"description\":\"\",\"potentialAction\":[{\"@type\":\"SearchAction\",\"target\":{\"@type\":\"EntryPoint\",\"urlTemplate\":\"https:\\\/\\\/www.logisquebec.com\\\/blog\\\/?s={search_term_string}\"},\"query-input\":{\"@type\":\"PropertyValueSpecification\",\"valueRequired\":true,\"valueName\":\"search_term_string\"}}],\"inLanguage\":\"fr-CA\"},{\"@type\":\"Person\",\"@id\":\"https:\\\/\\\/www.logisquebec.com\\\/blog\\\/#\\\/schema\\\/person\\\/485391ff3c1a74825d6cd81569a65fc1\",\"name\":\"logisqcadmin\",\"image\":{\"@type\":\"ImageObject\",\"inLanguage\":\"fr-CA\",\"@id\":\"https:\\\/\\\/secure.gravatar.com\\\/avatar\\\/5cec006740d02494574351ebd09daf76d50359205188f2f5e3e29023e09b9152?s=96&d=mm&r=g\",\"url\":\"https:\\\/\\\/secure.gravatar.com\\\/avatar\\\/5cec006740d02494574351ebd09daf76d50359205188f2f5e3e29023e09b9152?s=96&d=mm&r=g\",\"contentUrl\":\"https:\\\/\\\/secure.gravatar.com\\\/avatar\\\/5cec006740d02494574351ebd09daf76d50359205188f2f5e3e29023e09b9152?s=96&d=mm&r=g\",\"caption\":\"logisqcadmin\"},\"url\":\"https:\\\/\\\/www.logisquebec.com\\\/blog\\\/author\\\/logisqcadmin\\\/\"}]}<\/script>\n<!-- \/ Yoast SEO plugin. -->","yoast_head_json":{"title":"Comment cr\u00e9er l'espace de travail id\u00e9al pour votre enfant \u00e0 la maison - Le blogue d\u2019informations pratiques sur l\u2019immobilier au Qu\u00e9bec","description":"Transformez n'importe quel coin en espace de travail optimal pour votre enfant. Conseils pratiques pour am\u00e9nager un bureau fonctionnel et inspirant.","robots":{"index":"index","follow":"follow","max-snippet":"max-snippet:-1","max-image-preview":"max-image-preview:large","max-video-preview":"max-video-preview:-1"},"canonical":"https:\/\/www.logisquebec.com\/blog\/comment-creer-lespace-de-travail-ideal-pour-votre-enfant-a-la-maison\/","og_locale":"fr_CA","og_type":"article","og_title":"Comment cr\u00e9er l'espace de travail id\u00e9al pour votre enfant \u00e0 la maison - Le blogue d\u2019informations pratiques sur l\u2019immobilier au Qu\u00e9bec","og_description":"Transformez n'importe quel coin en espace de travail optimal pour votre enfant. Conseils pratiques pour am\u00e9nager un bureau fonctionnel et inspirant.","og_url":"https:\/\/www.logisquebec.com\/blog\/comment-creer-lespace-de-travail-ideal-pour-votre-enfant-a-la-maison\/","og_site_name":"Le blogue d\u2019informations pratiques sur l\u2019immobilier au Qu\u00e9bec","article_published_time":"2025-09-03T15:30:04+00:00","article_modified_time":"2025-09-03T15:30:52+00:00","og_image":[{"width":866,"height":514,"url":"https:\/\/www.logisquebec.com\/blog\/wp-content\/uploads\/2025\/09\/iStock-1217369972-publish.jpg","type":"image\/jpeg"}],"author":"logisqcadmin","twitter_card":"summary_large_image","twitter_misc":{"\u00c9crit par":"logisqcadmin","Estimation du temps de lecture":"4 minutes"},"schema":{"@context":"https:\/\/schema.org","@graph":[{"@type":"Article","@id":"https:\/\/www.logisquebec.com\/blog\/comment-creer-lespace-de-travail-ideal-pour-votre-enfant-a-la-maison\/#article","isPartOf":{"@id":"https:\/\/www.logisquebec.com\/blog\/comment-creer-lespace-de-travail-ideal-pour-votre-enfant-a-la-maison\/"},"author":{"name":"logisqcadmin","@id":"https:\/\/www.logisquebec.com\/blog\/#\/schema\/person\/485391ff3c1a74825d6cd81569a65fc1"},"headline":"Comment cr\u00e9er l&rsquo;espace de travail id\u00e9al pour votre enfant \u00e0 la maison","datePublished":"2025-09-03T15:30:04+00:00","dateModified":"2025-09-03T15:30:52+00:00","mainEntityOfPage":{"@id":"https:\/\/www.logisquebec.com\/blog\/comment-creer-lespace-de-travail-ideal-pour-votre-enfant-a-la-maison\/"},"wordCount":648,"image":{"@id":"https:\/\/www.logisquebec.com\/blog\/comment-creer-lespace-de-travail-ideal-pour-votre-enfant-a-la-maison\/#primaryimage"},"thumbnailUrl":"https:\/\/www.logisquebec.com\/blog\/wp-content\/uploads\/2025\/09\/iStock-1217369972-publish.jpg","articleSection":["location"],"inLanguage":"fr-CA"},{"@type":"WebPage","@id":"https:\/\/www.logisquebec.com\/blog\/comment-creer-lespace-de-travail-ideal-pour-votre-enfant-a-la-maison\/","url":"https:\/\/www.logisquebec.com\/blog\/comment-creer-lespace-de-travail-ideal-pour-votre-enfant-a-la-maison\/","name":"Comment cr\u00e9er l'espace de travail id\u00e9al pour votre enfant \u00e0 la maison - Le blogue d\u2019informations pratiques sur l\u2019immobilier au Qu\u00e9bec","isPartOf":{"@id":"https:\/\/www.logisquebec.com\/blog\/#website"},"primaryImageOfPage":{"@id":"https:\/\/www.logisquebec.com\/blog\/comment-creer-lespace-de-travail-ideal-pour-votre-enfant-a-la-maison\/#primaryimage"},"image":{"@id":"https:\/\/www.logisquebec.com\/blog\/comment-creer-lespace-de-travail-ideal-pour-votre-enfant-a-la-maison\/#primaryimage"},"thumbnailUrl":"https:\/\/www.logisquebec.com\/blog\/wp-content\/uploads\/2025\/09\/iStock-1217369972-publish.jpg","datePublished":"2025-09-03T15:30:04+00:00","dateModified":"2025-09-03T15:30:52+00:00","author":{"@id":"https:\/\/www.logisquebec.com\/blog\/#\/schema\/person\/485391ff3c1a74825d6cd81569a65fc1"},"description":"Transformez n'importe quel coin en espace de travail optimal pour votre enfant. Conseils pratiques pour am\u00e9nager un bureau fonctionnel et inspirant.","breadcrumb":{"@id":"https:\/\/www.logisquebec.com\/blog\/comment-creer-lespace-de-travail-ideal-pour-votre-enfant-a-la-maison\/#breadcrumb"},"inLanguage":"fr-CA","potentialAction":[{"@type":"ReadAction","target":["https:\/\/www.logisquebec.com\/blog\/comment-creer-lespace-de-travail-ideal-pour-votre-enfant-a-la-maison\/"]}]},{"@type":"ImageObject","inLanguage":"fr-CA","@id":"https:\/\/www.logisquebec.com\/blog\/comment-creer-lespace-de-travail-ideal-pour-votre-enfant-a-la-maison\/#primaryimage","url":"https:\/\/www.logisquebec.com\/blog\/wp-content\/uploads\/2025\/09\/iStock-1217369972-publish.jpg","contentUrl":"https:\/\/www.logisquebec.com\/blog\/wp-content\/uploads\/2025\/09\/iStock-1217369972-publish.jpg","width":866,"height":514,"caption":"Enfant faisant ses devoirs"},{"@type":"BreadcrumbList","@id":"https:\/\/www.logisquebec.com\/blog\/comment-creer-lespace-de-travail-ideal-pour-votre-enfant-a-la-maison\/#breadcrumb","itemListElement":[{"@type":"ListItem","position":1,"name":"Accueil","item":"https:\/\/www.logisquebec.com\/blog\/"},{"@type":"ListItem","position":2,"name":"Comment cr\u00e9er l&rsquo;espace de travail id\u00e9al pour votre enfant \u00e0 la maison"}]},{"@type":"WebSite","@id":"https:\/\/www.logisquebec.com\/blog\/#website","url":"https:\/\/www.logisquebec.com\/blog\/","name":"Le blogue d\u2019informations pratiques sur l\u2019immobilier au Qu\u00e9bec","description":"","potentialAction":[{"@type":"SearchAction","target":{"@type":"EntryPoint","urlTemplate":"https:\/\/www.logisquebec.com\/blog\/?s={search_term_string}"},"query-input":{"@type":"PropertyValueSpecification","valueRequired":true,"valueName":"search_term_string"}}],"inLanguage":"fr-CA"},{"@type":"Person","@id":"https:\/\/www.logisquebec.com\/blog\/#\/schema\/person\/485391ff3c1a74825d6cd81569a65fc1","name":"logisqcadmin","image":{"@type":"ImageObject","inLanguage":"fr-CA","@id":"https:\/\/secure.gravatar.com\/avatar\/5cec006740d02494574351ebd09daf76d50359205188f2f5e3e29023e09b9152?s=96&d=mm&r=g","url":"https:\/\/secure.gravatar.com\/avatar\/5cec006740d02494574351ebd09daf76d50359205188f2f5e3e29023e09b9152?s=96&d=mm&r=g","contentUrl":"https:\/\/secure.gravatar.com\/avatar\/5cec006740d02494574351ebd09daf76d50359205188f2f5e3e29023e09b9152?s=96&d=mm&r=g","caption":"logisqcadmin"},"url":"https:\/\/www.logisquebec.com\/blog\/author\/logisqcadmin\/"}]}},"_links":{"self":[{"href":"https:\/\/www.logisquebec.com\/blog\/wp-json\/wp\/v2\/posts\/1216","targetHints":{"allow":["GET"]}}],"collection":[{"href":"https:\/\/www.logisquebec.com\/blog\/wp-json\/wp\/v2\/posts"}],"about":[{"href":"https:\/\/www.logisquebec.com\/blog\/wp-json\/wp\/v2\/types\/post"}],"author":[{"embeddable":true,"href":"https:\/\/www.logisquebec.com\/blog\/wp-json\/wp\/v2\/users\/1"}],"replies":[{"embeddable":true,"href":"https:\/\/www.logisquebec.com\/blog\/wp-json\/wp\/v2\/comments?post=1216"}],"version-history":[{"count":1,"href":"https:\/\/www.logisquebec.com\/blog\/wp-json\/wp\/v2\/posts\/1216\/revisions"}],"predecessor-version":[{"id":1217,"href":"https:\/\/www.logisquebec.com\/blog\/wp-json\/wp\/v2\/posts\/1216\/revisions\/1217"}],"wp:featuredmedia":[{"embeddable":true,"href":"https:\/\/www.logisquebec.com\/blog\/wp-json\/wp\/v2\/media\/1218"}],"wp:attachment":[{"href":"https:\/\/www.logisquebec.com\/blog\/wp-json\/wp\/v2\/media?parent=1216"}],"wp:term":[{"taxonomy":"category","embeddable":true,"href":"https:\/\/www.logisquebec.com\/blog\/wp-json\/wp\/v2\/categories?post=1216"},{"taxonomy":"post_tag","embeddable":true,"href":"https:\/\/www.logisquebec.com\/blog\/wp-json\/wp\/v2\/tags?post=1216"}],"curies":[{"name":"wp","href":"https:\/\/api.w.org\/{rel}","templated":true}]}}