{"id":1254,"date":"2026-09-04T15:33:09","date_gmt":"2026-09-04T15:33:09","guid":{"rendered":"https:\/\/www.logisquebec.com\/blog\/?p=1254"},"modified":"2026-09-04T15:33:10","modified_gmt":"2026-09-04T15:33:10","slug":"etudiants-et-colocation-sous-location-cession-de-bail-et-les-pieges-des-ententes-verbales","status":"publish","type":"post","link":"https:\/\/www.logisquebec.com\/blog\/etudiants-et-colocation-sous-location-cession-de-bail-et-les-pieges-des-ententes-verbales\/","title":{"rendered":"\u00c9tudiants et colocation : sous-location, cession de bail et les pi\u00e8ges des ententes verbales"},"content":{"rendered":"\n<p class=\"wp-block-paragraph\">La rentr\u00e9e est pass\u00e9e, les bo\u00eetes sont d\u00e9faites, et c&rsquo;est souvent en octobre qu&rsquo;une <a href=\"https:\/\/www.logisquebec.com\/chambre-et-colocation-a-louer\" data-type=\"link\" data-id=\"https:\/\/www.logisquebec.com\/chambre-et-colocation-a-louer\" target=\"_blank\" rel=\"noreferrer noopener\">colocation<\/a> \u00e9tudiante commence \u00e0 craquer : un coloc d\u00e9croche un stage \u00e0 l&rsquo;ext\u00e9rieur, un autre trouve un logement plus pr\u00e8s du campus, un troisi\u00e8me abandonne sa session. La question arrive vite : comment quitter un logement en cours de bail sans se ramasser \u00e0 payer un loyer qu&rsquo;on n&rsquo;habite plus ?<\/p>\n\n\n\n<p class=\"wp-block-paragraph\">Au Qu\u00e9bec, il n&rsquo;existe pas de \u00ab bris de bail \u00bb avec trois mois de pr\u00e9avis. C&rsquo;est un mythe tenace. Deux m\u00e9canismes sont particuli\u00e8rement utiles dans cette situation : la sous-location et la cession de bail. Et ils ne servent pas \u00e0 la m\u00eame chose.<\/p>\n\n\n\n<h2 class=\"wp-block-heading\"><strong>Sous-location : je pars, mais je reviens<\/strong><\/h2>\n\n\n\n<p class=\"wp-block-paragraph\">La sous-location convient \u00e0 une absence temporaire \u2014 un stage \u00e0 l&rsquo;\u00e9tranger, une session d&rsquo;\u00e9change, un \u00e9t\u00e9 chez ses parents. Le locataire reste locataire : il conserve son bail, il pourra revenir, et il demeure responsable envers le propri\u00e9taire de tout ce qui se passe dans le logement, y compris des dommages caus\u00e9s par le sous-locataire.<\/p>\n\n\n\n<p class=\"wp-block-paragraph\">Le propri\u00e9taire ne peut refuser une sous-location que pour un motif s\u00e9rieux. Depuis f\u00e9vrier 2024, il est interdit de sous-louer le logement plus cher que le loyer pay\u00e9 au propri\u00e9taire, sauf notamment pour certains services et des frais raisonnables li\u00e9s \u00e0 l&rsquo;utilisation des meubles du locataire (art. 1978.4 C.c.Q.) : la sous-location ne peut plus servir \u00e0 faire un profit.<\/p>\n\n\n\n<h2 class=\"wp-block-heading\"><strong>Cession de bail : je pars pour de bon<\/strong><\/h2>\n\n\n\n<p class=\"wp-block-paragraph\">La cession transf\u00e8re le bail \u00e0 une nouvelle personne, qui devient locataire \u00e0 part enti\u00e8re. Le locataire qui c\u00e8de est lib\u00e9r\u00e9 de ses obligations pour la suite \u2014 c&rsquo;est la diff\u00e9rence majeure avec la sous-location.<\/p>\n\n\n\n<p class=\"wp-block-paragraph\">C&rsquo;est ici que la Loi 31 a tout chang\u00e9. Depuis le 21 f\u00e9vrier 2024, le propri\u00e9taire peut refuser une cession sans avoir \u00e0 invoquer de motif s\u00e9rieux. Mais s&rsquo;il refuse sans motif s\u00e9rieux, le bail est r\u00e9sili\u00e9 \u00e0 la date de cession indiqu\u00e9e dans l&rsquo;avis, et le locataire part sans p\u00e9nalit\u00e9. Concr\u00e8tement, trois sc\u00e9narios :<\/p>\n\n\n\n<ul class=\"wp-block-list\">\n<li><strong>Le propri\u00e9taire accepte<\/strong> : la cession a lieu, le cessionnaire devient locataire.<\/li>\n\n\n\n<li><strong>Il refuse pour un motif autre qu&rsquo;un motif s\u00e9rieux<\/strong> : le bail prend fin \u00e0 la date indiqu\u00e9e dans l&rsquo;avis. Vous partez quand m\u00eame, sans p\u00e9nalit\u00e9.<\/li>\n\n\n\n<li><strong>Il refuse pour un motif s\u00e9rieux<\/strong> : le bail se poursuit. Vous restez locataire, \u00e0 moins de proposer un autre cessionnaire.<\/li>\n<\/ul>\n\n\n\n<p class=\"wp-block-paragraph\">\u00c0 noter aussi qu&rsquo;il est d\u00e9sormais interdit de c\u00e9der son bail en \u00e9change d&rsquo;une somme d&rsquo;argent.<\/p>\n\n\n\n<p class=\"wp-block-paragraph\">Dans les deux cas, la d\u00e9marche aupr\u00e8s du propri\u00e9taire est similaire : un avis \u00e9crit au propri\u00e9taire, indiquant le nom et l&rsquo;adresse de la personne concern\u00e9e ainsi que la date pr\u00e9vue. Le propri\u00e9taire a 15 jours pour r\u00e9pondre. S&rsquo;il ne r\u00e9pond pas, il est r\u00e9put\u00e9 avoir accept\u00e9. Ne remettez jamais les cl\u00e9s avant d&rsquo;avoir une r\u00e9ponse ou l&rsquo;expiration du d\u00e9lai.<\/p>\n\n\n\n<p class=\"wp-block-paragraph\">Une exception qui touche directement les \u00e9tudiants : la personne aux \u00e9tudes qui loue un logement d&rsquo;un \u00e9tablissement d&rsquo;enseignement \u2014 une r\u00e9sidence universitaire ou coll\u00e9giale \u2014 ne peut ni sous-louer ni c\u00e9der son bail (art. 1981 C.c.Q.). Si vous habitez en r\u00e9sidence, ces deux options ne s&rsquo;offrent tout simplement pas \u00e0 vous.<\/p>\n\n\n\n<h2 class=\"wp-block-heading\"><strong>En colocation, rien n&rsquo;est aussi simple<\/strong><\/h2>\n\n\n\n<p class=\"wp-block-paragraph\">Quand plusieurs noms figurent sur le m\u00eame bail, le d\u00e9part d&rsquo;un colocataire demande une attention particuli\u00e8re. En principe, un colocataire peut c\u00e9der ses droits dans le bail ou sous-louer sa part. Mais la colocation ajoute une difficult\u00e9 : la personne qui reste devra vivre avec le nouveau venu. Les droits du colocataire qui souhaite partir doivent donc \u00eatre concili\u00e9s avec ceux de celui qui demeure dans le logement.<\/p>\n\n\n\n<p class=\"wp-block-paragraph\">Le coloc qui d\u00e9m\u00e9nage sans faire les d\u00e9marches, lui, reste li\u00e9 au bail jusqu&rsquo;\u00e0 la fin du terme. Une entente verbale du type \u00ab t&rsquo;inqui\u00e8te, je continue de te virer ma moiti\u00e9 \u00bb n&rsquo;a aucune valeur devant le propri\u00e9taire.<\/p>\n\n\n\n<h2 class=\"wp-block-heading\"><strong>La clause de solidarit\u00e9 : \u00e0 lire avant de signer<\/strong><\/h2>\n\n\n\n<p class=\"wp-block-paragraph\">Par d\u00e9faut, l&rsquo;obligation des colocataires est conjointe : chacun n&rsquo;est tenu qu&rsquo;\u00e0 sa part du loyer. La solidarit\u00e9 ne se pr\u00e9sume pas \u2014 elle doit \u00eatre express\u00e9ment stipul\u00e9e au bail. Si la clause s&rsquo;y trouve, le propri\u00e9taire peut r\u00e9clamer la totalit\u00e9 du loyer \u00e0 un seul colocataire, \u00e0 charge pour lui de se retourner ensuite contre l&rsquo;autre. Pour des conjoints mari\u00e9s ou unis civilement, la solidarit\u00e9 s&rsquo;applique automatiquement pour les besoins courants de la famille.<\/p>\n\n\n\n<p class=\"wp-block-paragraph\">V\u00e9rifiez cette clause avant de signer. Elle d\u00e9termine ce qui vous arrive si votre coloc dispara\u00eet en novembre.<\/p>\n\n\n\n<h2 class=\"wp-block-heading\"><strong>Le vrai pi\u00e8ge : l&rsquo;occupant qui n&rsquo;est pas locataire<\/strong><\/h2>\n\n\n\n<p class=\"wp-block-paragraph\">Le sc\u00e9nario est fr\u00e9quent chez les \u00e9tudiants : une seule personne est locataire et les autres habitent avec elle comme simples occupants. Contrairement \u00e0 un colocataire li\u00e9 par le bail, un simple occupant n&rsquo;a g\u00e9n\u00e9ralement pas de lien contractuel avec le propri\u00e9taire et ne b\u00e9n\u00e9ficie pas des m\u00eames droits qu&rsquo;un locataire. Il ne peut pas invoquer le droit au maintien dans les lieux et n&rsquo;a aucun recours propre contre le propri\u00e9taire \u2014 m\u00eame apr\u00e8s des mois de loyer vers\u00e9s. Si le locataire principal quitte le logement, l&rsquo;occupant se retrouve donc dans une situation beaucoup plus pr\u00e9caire qu&rsquo;il ne l&rsquo;imaginait.<\/p>\n\n\n\n<h2 class=\"wp-block-heading\"><strong>La convention de colocation, en dix minutes<\/strong><\/h2>\n\n\n\n<p class=\"wp-block-paragraph\">Le TAL recommande une entente \u00e9crite entre colocataires. \u00c7a n&rsquo;a rien de solennel : un document sign\u00e9 qui pr\u00e9cise la r\u00e9partition du loyer et des comptes (Hydro, internet), \u00e0 qui appartiennent les meubles, l&rsquo;usage exclusif des chambres, le pr\u00e9avis \u00e0 donner aux autres avant de partir, et l&rsquo;assurance responsabilit\u00e9 de chacun.<\/p>\n\n\n\n<blockquote class=\"wp-block-quote is-layout-flow wp-block-quote-is-layout-flow\">\n<p class=\"wp-block-paragraph\">Dix minutes en septembre \u00e9vitent bien des chicanes en janvier.<\/p>\n<\/blockquote>\n\n\n\n<p class=\"wp-block-paragraph\"><em>Cet article est fourni \u00e0 titre informatif et ne constitue pas un avis juridique. Pour votre situation, consultez le Tribunal administratif du logement ou un comit\u00e9 logement de votre r\u00e9gion.<\/em><\/p>\n\n\n\n<p class=\"wp-block-paragraph\"><\/p>\n","protected":false},"excerpt":{"rendered":"<p>La rentr\u00e9e est pass\u00e9e, les bo\u00eetes sont d\u00e9faites, et c&rsquo;est souvent en octobre qu&rsquo;une colocation \u00e9tudiante commence \u00e0 craquer : un coloc d\u00e9croche un stage \u00e0 l&rsquo;ext\u00e9rieur, un autre trouve un logement plus pr\u00e8s du campus, un troisi\u00e8me abandonne sa session. La question arrive vite : comment quitter un logement en cours de bail sans<\/p>\n","protected":false},"author":1,"featured_media":1257,"comment_status":"closed","ping_status":"open","sticky":false,"template":"","format":"standard","meta":{"footnotes":""},"categories":[2],"tags":[],"class_list":["post-1254","post","type-post","status-publish","format-standard","has-post-thumbnail","category-location"],"yoast_head":"<!-- This site is optimized with the Yoast SEO plugin v28.4 - https:\/\/yoast.com\/product\/yoast-seo-wordpress\/ -->\n<title>\u00c9tudiants et colocation : sous-location, cession de bail et les pi\u00e8ges des ententes verbales - LogisQu\u00e9bec<\/title>\n<meta name=\"description\" content=\"Colocation \u00e9tudiante : ce qui arrive quand un coloc part, ce que risque celui qui n&#039;est pas sur le bail, et comment se prot\u00e9ger par \u00e9crit.\" \/>\n<meta name=\"robots\" content=\"index, follow, max-snippet:-1, max-image-preview:large, max-video-preview:-1\" \/>\n<link rel=\"canonical\" href=\"https:\/\/www.logisquebec.com\/blog\/etudiants-et-colocation-sous-location-cession-de-bail-et-les-pieges-des-ententes-verbales\/\" \/>\n<meta property=\"og:locale\" content=\"fr_CA\" \/>\n<meta property=\"og:type\" content=\"article\" \/>\n<meta property=\"og:title\" content=\"\u00c9tudiants et colocation : sous-location, cession de bail et les pi\u00e8ges des ententes verbales - LogisQu\u00e9bec\" \/>\n<meta property=\"og:description\" content=\"Colocation \u00e9tudiante : ce qui arrive quand un coloc part, ce que risque celui qui n&#039;est pas sur le bail, et comment se prot\u00e9ger par \u00e9crit.\" \/>\n<meta property=\"og:url\" content=\"https:\/\/www.logisquebec.com\/blog\/etudiants-et-colocation-sous-location-cession-de-bail-et-les-pieges-des-ententes-verbales\/\" \/>\n<meta property=\"og:site_name\" content=\"Le blogue d\u2019informations pratiques sur l\u2019immobilier au Qu\u00e9bec\" \/>\n<meta property=\"article:published_time\" content=\"2026-09-04T15:33:09+00:00\" \/>\n<meta property=\"article:modified_time\" content=\"2026-09-04T15:33:10+00:00\" \/>\n<meta property=\"og:image\" content=\"https:\/\/www.logisquebec.com\/blog\/wp-content\/uploads\/2026\/09\/iStock-1592476494_publish.jpg\" \/>\n\t<meta property=\"og:image:width\" content=\"870\" \/>\n\t<meta property=\"og:image:height\" content=\"514\" \/>\n\t<meta property=\"og:image:type\" content=\"image\/jpeg\" \/>\n<meta name=\"author\" content=\"logisqcadmin\" \/>\n<meta name=\"twitter:card\" content=\"summary_large_image\" \/>\n<meta name=\"twitter:label1\" content=\"\u00c9crit par\" \/>\n\t<meta name=\"twitter:data1\" content=\"logisqcadmin\" \/>\n\t<meta name=\"twitter:label2\" content=\"Estimation du temps de lecture\" \/>\n\t<meta name=\"twitter:data2\" content=\"5 minutes\" \/>\n<script type=\"application\/ld+json\" class=\"yoast-schema-graph\">{\"@context\":\"https:\\\/\\\/schema.org\",\"@graph\":[{\"@type\":\"Article\",\"@id\":\"https:\\\/\\\/www.logisquebec.com\\\/blog\\\/etudiants-et-colocation-sous-location-cession-de-bail-et-les-pieges-des-ententes-verbales\\\/#article\",\"isPartOf\":{\"@id\":\"https:\\\/\\\/www.logisquebec.com\\\/blog\\\/etudiants-et-colocation-sous-location-cession-de-bail-et-les-pieges-des-ententes-verbales\\\/\"},\"author\":{\"name\":\"logisqcadmin\",\"@id\":\"https:\\\/\\\/www.logisquebec.com\\\/blog\\\/#\\\/schema\\\/person\\\/485391ff3c1a74825d6cd81569a65fc1\"},\"headline\":\"\u00c9tudiants et colocation : sous-location, cession de bail et les pi\u00e8ges des ententes verbales\",\"datePublished\":\"2026-09-04T15:33:09+00:00\",\"dateModified\":\"2026-09-04T15:33:10+00:00\",\"mainEntityOfPage\":{\"@id\":\"https:\\\/\\\/www.logisquebec.com\\\/blog\\\/etudiants-et-colocation-sous-location-cession-de-bail-et-les-pieges-des-ententes-verbales\\\/\"},\"wordCount\":1042,\"image\":{\"@id\":\"https:\\\/\\\/www.logisquebec.com\\\/blog\\\/etudiants-et-colocation-sous-location-cession-de-bail-et-les-pieges-des-ententes-verbales\\\/#primaryimage\"},\"thumbnailUrl\":\"https:\\\/\\\/www.logisquebec.com\\\/blog\\\/wp-content\\\/uploads\\\/2026\\\/09\\\/iStock-1592476494_publish.jpg\",\"articleSection\":[\"location\"],\"inLanguage\":\"fr-CA\"},{\"@type\":\"WebPage\",\"@id\":\"https:\\\/\\\/www.logisquebec.com\\\/blog\\\/etudiants-et-colocation-sous-location-cession-de-bail-et-les-pieges-des-ententes-verbales\\\/\",\"url\":\"https:\\\/\\\/www.logisquebec.com\\\/blog\\\/etudiants-et-colocation-sous-location-cession-de-bail-et-les-pieges-des-ententes-verbales\\\/\",\"name\":\"\u00c9tudiants et colocation : sous-location, cession de bail et les pi\u00e8ges des ententes verbales - LogisQu\u00e9bec\",\"isPartOf\":{\"@id\":\"https:\\\/\\\/www.logisquebec.com\\\/blog\\\/#website\"},\"primaryImageOfPage\":{\"@id\":\"https:\\\/\\\/www.logisquebec.com\\\/blog\\\/etudiants-et-colocation-sous-location-cession-de-bail-et-les-pieges-des-ententes-verbales\\\/#primaryimage\"},\"image\":{\"@id\":\"https:\\\/\\\/www.logisquebec.com\\\/blog\\\/etudiants-et-colocation-sous-location-cession-de-bail-et-les-pieges-des-ententes-verbales\\\/#primaryimage\"},\"thumbnailUrl\":\"https:\\\/\\\/www.logisquebec.com\\\/blog\\\/wp-content\\\/uploads\\\/2026\\\/09\\\/iStock-1592476494_publish.jpg\",\"datePublished\":\"2026-09-04T15:33:09+00:00\",\"dateModified\":\"2026-09-04T15:33:10+00:00\",\"author\":{\"@id\":\"https:\\\/\\\/www.logisquebec.com\\\/blog\\\/#\\\/schema\\\/person\\\/485391ff3c1a74825d6cd81569a65fc1\"},\"description\":\"Colocation \u00e9tudiante : ce qui arrive quand un coloc part, ce que risque celui qui n'est pas sur le bail, et comment se prot\u00e9ger par \u00e9crit.\",\"breadcrumb\":{\"@id\":\"https:\\\/\\\/www.logisquebec.com\\\/blog\\\/etudiants-et-colocation-sous-location-cession-de-bail-et-les-pieges-des-ententes-verbales\\\/#breadcrumb\"},\"inLanguage\":\"fr-CA\",\"potentialAction\":[{\"@type\":\"ReadAction\",\"target\":[\"https:\\\/\\\/www.logisquebec.com\\\/blog\\\/etudiants-et-colocation-sous-location-cession-de-bail-et-les-pieges-des-ententes-verbales\\\/\"]}]},{\"@type\":\"ImageObject\",\"inLanguage\":\"fr-CA\",\"@id\":\"https:\\\/\\\/www.logisquebec.com\\\/blog\\\/etudiants-et-colocation-sous-location-cession-de-bail-et-les-pieges-des-ententes-verbales\\\/#primaryimage\",\"url\":\"https:\\\/\\\/www.logisquebec.com\\\/blog\\\/wp-content\\\/uploads\\\/2026\\\/09\\\/iStock-1592476494_publish.jpg\",\"contentUrl\":\"https:\\\/\\\/www.logisquebec.com\\\/blog\\\/wp-content\\\/uploads\\\/2026\\\/09\\\/iStock-1592476494_publish.jpg\",\"width\":870,\"height\":514,\"caption\":\"colocation \u00e9tudiante Qu\u00e9bec\"},{\"@type\":\"BreadcrumbList\",\"@id\":\"https:\\\/\\\/www.logisquebec.com\\\/blog\\\/etudiants-et-colocation-sous-location-cession-de-bail-et-les-pieges-des-ententes-verbales\\\/#breadcrumb\",\"itemListElement\":[{\"@type\":\"ListItem\",\"position\":1,\"name\":\"Accueil\",\"item\":\"https:\\\/\\\/www.logisquebec.com\\\/blog\\\/\"},{\"@type\":\"ListItem\",\"position\":2,\"name\":\"\u00c9tudiants et colocation : sous-location, cession de bail et les pi\u00e8ges des ententes verbales\"}]},{\"@type\":\"WebSite\",\"@id\":\"https:\\\/\\\/www.logisquebec.com\\\/blog\\\/#website\",\"url\":\"https:\\\/\\\/www.logisquebec.com\\\/blog\\\/\",\"name\":\"Le blogue d\u2019informations pratiques sur l\u2019immobilier au Qu\u00e9bec\",\"description\":\"\",\"potentialAction\":[{\"@type\":\"SearchAction\",\"target\":{\"@type\":\"EntryPoint\",\"urlTemplate\":\"https:\\\/\\\/www.logisquebec.com\\\/blog\\\/?s={search_term_string}\"},\"query-input\":{\"@type\":\"PropertyValueSpecification\",\"valueRequired\":true,\"valueName\":\"search_term_string\"}}],\"inLanguage\":\"fr-CA\"},{\"@type\":\"Person\",\"@id\":\"https:\\\/\\\/www.logisquebec.com\\\/blog\\\/#\\\/schema\\\/person\\\/485391ff3c1a74825d6cd81569a65fc1\",\"name\":\"logisqcadmin\",\"image\":{\"@type\":\"ImageObject\",\"inLanguage\":\"fr-CA\",\"@id\":\"https:\\\/\\\/secure.gravatar.com\\\/avatar\\\/5cec006740d02494574351ebd09daf76d50359205188f2f5e3e29023e09b9152?s=96&d=mm&r=g\",\"url\":\"https:\\\/\\\/secure.gravatar.com\\\/avatar\\\/5cec006740d02494574351ebd09daf76d50359205188f2f5e3e29023e09b9152?s=96&d=mm&r=g\",\"contentUrl\":\"https:\\\/\\\/secure.gravatar.com\\\/avatar\\\/5cec006740d02494574351ebd09daf76d50359205188f2f5e3e29023e09b9152?s=96&d=mm&r=g\",\"caption\":\"logisqcadmin\"}}]}<\/script>\n<!-- \/ Yoast SEO plugin. -->","yoast_head_json":{"title":"\u00c9tudiants et colocation : sous-location, cession de bail et les pi\u00e8ges des ententes verbales - LogisQu\u00e9bec","description":"Colocation \u00e9tudiante : ce qui arrive quand un coloc part, ce que risque celui qui n'est pas sur le bail, et comment se prot\u00e9ger par \u00e9crit.","robots":{"index":"index","follow":"follow","max-snippet":"max-snippet:-1","max-image-preview":"max-image-preview:large","max-video-preview":"max-video-preview:-1"},"canonical":"https:\/\/www.logisquebec.com\/blog\/etudiants-et-colocation-sous-location-cession-de-bail-et-les-pieges-des-ententes-verbales\/","og_locale":"fr_CA","og_type":"article","og_title":"\u00c9tudiants et colocation : sous-location, cession de bail et les pi\u00e8ges des ententes verbales - LogisQu\u00e9bec","og_description":"Colocation \u00e9tudiante : ce qui arrive quand un coloc part, ce que risque celui qui n'est pas sur le bail, et comment se prot\u00e9ger par \u00e9crit.","og_url":"https:\/\/www.logisquebec.com\/blog\/etudiants-et-colocation-sous-location-cession-de-bail-et-les-pieges-des-ententes-verbales\/","og_site_name":"Le blogue d\u2019informations pratiques sur l\u2019immobilier au Qu\u00e9bec","article_published_time":"2026-09-04T15:33:09+00:00","article_modified_time":"2026-09-04T15:33:10+00:00","og_image":[{"width":870,"height":514,"url":"https:\/\/www.logisquebec.com\/blog\/wp-content\/uploads\/2026\/09\/iStock-1592476494_publish.jpg","type":"image\/jpeg"}],"author":"logisqcadmin","twitter_card":"summary_large_image","twitter_misc":{"\u00c9crit par":"logisqcadmin","Estimation du temps de lecture":"5 minutes"},"schema":{"@context":"https:\/\/schema.org","@graph":[{"@type":"Article","@id":"https:\/\/www.logisquebec.com\/blog\/etudiants-et-colocation-sous-location-cession-de-bail-et-les-pieges-des-ententes-verbales\/#article","isPartOf":{"@id":"https:\/\/www.logisquebec.com\/blog\/etudiants-et-colocation-sous-location-cession-de-bail-et-les-pieges-des-ententes-verbales\/"},"author":{"name":"logisqcadmin","@id":"https:\/\/www.logisquebec.com\/blog\/#\/schema\/person\/485391ff3c1a74825d6cd81569a65fc1"},"headline":"\u00c9tudiants et colocation : sous-location, cession de bail et les pi\u00e8ges des ententes verbales","datePublished":"2026-09-04T15:33:09+00:00","dateModified":"2026-09-04T15:33:10+00:00","mainEntityOfPage":{"@id":"https:\/\/www.logisquebec.com\/blog\/etudiants-et-colocation-sous-location-cession-de-bail-et-les-pieges-des-ententes-verbales\/"},"wordCount":1042,"image":{"@id":"https:\/\/www.logisquebec.com\/blog\/etudiants-et-colocation-sous-location-cession-de-bail-et-les-pieges-des-ententes-verbales\/#primaryimage"},"thumbnailUrl":"https:\/\/www.logisquebec.com\/blog\/wp-content\/uploads\/2026\/09\/iStock-1592476494_publish.jpg","articleSection":["location"],"inLanguage":"fr-CA"},{"@type":"WebPage","@id":"https:\/\/www.logisquebec.com\/blog\/etudiants-et-colocation-sous-location-cession-de-bail-et-les-pieges-des-ententes-verbales\/","url":"https:\/\/www.logisquebec.com\/blog\/etudiants-et-colocation-sous-location-cession-de-bail-et-les-pieges-des-ententes-verbales\/","name":"\u00c9tudiants et colocation : sous-location, cession de bail et les pi\u00e8ges des ententes verbales - LogisQu\u00e9bec","isPartOf":{"@id":"https:\/\/www.logisquebec.com\/blog\/#website"},"primaryImageOfPage":{"@id":"https:\/\/www.logisquebec.com\/blog\/etudiants-et-colocation-sous-location-cession-de-bail-et-les-pieges-des-ententes-verbales\/#primaryimage"},"image":{"@id":"https:\/\/www.logisquebec.com\/blog\/etudiants-et-colocation-sous-location-cession-de-bail-et-les-pieges-des-ententes-verbales\/#primaryimage"},"thumbnailUrl":"https:\/\/www.logisquebec.com\/blog\/wp-content\/uploads\/2026\/09\/iStock-1592476494_publish.jpg","datePublished":"2026-09-04T15:33:09+00:00","dateModified":"2026-09-04T15:33:10+00:00","author":{"@id":"https:\/\/www.logisquebec.com\/blog\/#\/schema\/person\/485391ff3c1a74825d6cd81569a65fc1"},"description":"Colocation \u00e9tudiante : ce qui arrive quand un coloc part, ce que risque celui qui n'est pas sur le bail, et comment se prot\u00e9ger par \u00e9crit.","breadcrumb":{"@id":"https:\/\/www.logisquebec.com\/blog\/etudiants-et-colocation-sous-location-cession-de-bail-et-les-pieges-des-ententes-verbales\/#breadcrumb"},"inLanguage":"fr-CA","potentialAction":[{"@type":"ReadAction","target":["https:\/\/www.logisquebec.com\/blog\/etudiants-et-colocation-sous-location-cession-de-bail-et-les-pieges-des-ententes-verbales\/"]}]},{"@type":"ImageObject","inLanguage":"fr-CA","@id":"https:\/\/www.logisquebec.com\/blog\/etudiants-et-colocation-sous-location-cession-de-bail-et-les-pieges-des-ententes-verbales\/#primaryimage","url":"https:\/\/www.logisquebec.com\/blog\/wp-content\/uploads\/2026\/09\/iStock-1592476494_publish.jpg","contentUrl":"https:\/\/www.logisquebec.com\/blog\/wp-content\/uploads\/2026\/09\/iStock-1592476494_publish.jpg","width":870,"height":514,"caption":"colocation \u00e9tudiante Qu\u00e9bec"},{"@type":"BreadcrumbList","@id":"https:\/\/www.logisquebec.com\/blog\/etudiants-et-colocation-sous-location-cession-de-bail-et-les-pieges-des-ententes-verbales\/#breadcrumb","itemListElement":[{"@type":"ListItem","position":1,"name":"Accueil","item":"https:\/\/www.logisquebec.com\/blog\/"},{"@type":"ListItem","position":2,"name":"\u00c9tudiants et colocation : sous-location, cession de bail et les pi\u00e8ges des ententes verbales"}]},{"@type":"WebSite","@id":"https:\/\/www.logisquebec.com\/blog\/#website","url":"https:\/\/www.logisquebec.com\/blog\/","name":"Le blogue d\u2019informations pratiques sur l\u2019immobilier au Qu\u00e9bec","description":"","potentialAction":[{"@type":"SearchAction","target":{"@type":"EntryPoint","urlTemplate":"https:\/\/www.logisquebec.com\/blog\/?s={search_term_string}"},"query-input":{"@type":"PropertyValueSpecification","valueRequired":true,"valueName":"search_term_string"}}],"inLanguage":"fr-CA"},{"@type":"Person","@id":"https:\/\/www.logisquebec.com\/blog\/#\/schema\/person\/485391ff3c1a74825d6cd81569a65fc1","name":"logisqcadmin","image":{"@type":"ImageObject","inLanguage":"fr-CA","@id":"https:\/\/secure.gravatar.com\/avatar\/5cec006740d02494574351ebd09daf76d50359205188f2f5e3e29023e09b9152?s=96&d=mm&r=g","url":"https:\/\/secure.gravatar.com\/avatar\/5cec006740d02494574351ebd09daf76d50359205188f2f5e3e29023e09b9152?s=96&d=mm&r=g","contentUrl":"https:\/\/secure.gravatar.com\/avatar\/5cec006740d02494574351ebd09daf76d50359205188f2f5e3e29023e09b9152?s=96&d=mm&r=g","caption":"logisqcadmin"}}]}},"_links":{"self":[{"href":"https:\/\/www.logisquebec.com\/blog\/wp-json\/wp\/v2\/posts\/1254","targetHints":{"allow":["GET"]}}],"collection":[{"href":"https:\/\/www.logisquebec.com\/blog\/wp-json\/wp\/v2\/posts"}],"about":[{"href":"https:\/\/www.logisquebec.com\/blog\/wp-json\/wp\/v2\/types\/post"}],"author":[{"embeddable":true,"href":"https:\/\/www.logisquebec.com\/blog\/wp-json\/wp\/v2\/users\/1"}],"replies":[{"embeddable":true,"href":"https:\/\/www.logisquebec.com\/blog\/wp-json\/wp\/v2\/comments?post=1254"}],"version-history":[{"count":2,"href":"https:\/\/www.logisquebec.com\/blog\/wp-json\/wp\/v2\/posts\/1254\/revisions"}],"predecessor-version":[{"id":1256,"href":"https:\/\/www.logisquebec.com\/blog\/wp-json\/wp\/v2\/posts\/1254\/revisions\/1256"}],"wp:featuredmedia":[{"embeddable":true,"href":"https:\/\/www.logisquebec.com\/blog\/wp-json\/wp\/v2\/media\/1257"}],"wp:attachment":[{"href":"https:\/\/www.logisquebec.com\/blog\/wp-json\/wp\/v2\/media?parent=1254"}],"wp:term":[{"taxonomy":"category","embeddable":true,"href":"https:\/\/www.logisquebec.com\/blog\/wp-json\/wp\/v2\/categories?post=1254"},{"taxonomy":"post_tag","embeddable":true,"href":"https:\/\/www.logisquebec.com\/blog\/wp-json\/wp\/v2\/tags?post=1254"}],"curies":[{"name":"wp","href":"https:\/\/api.w.org\/{rel}","templated":true}]}}