{"id":191,"date":"2017-03-22T15:52:54","date_gmt":"2017-03-22T15:52:54","guid":{"rendered":"https:\/\/www.logisquebec.com\/blog\/?p=191"},"modified":"2024-09-17T19:01:34","modified_gmt":"2024-09-17T19:01:34","slug":"se-deroule-cession-de-bail-dun-logement-residentiel","status":"publish","type":"post","link":"https:\/\/www.logisquebec.com\/blog\/se-deroule-cession-de-bail-dun-logement-residentiel\/","title":{"rendered":"Comment se d\u00e9roule la cession de bail d&rsquo;un logement r\u00e9sidentiel?"},"content":{"rendered":"\n<p>Lorsque l\u2019on d\u00e9sire<a href=\"https:\/\/www.logisquebec.com\/guide-du-locataire\/les-solutions-pour-quitter-son-logement-avant-la-fin-du-bail\"> <strong>quitter son logement avant la fin de son bail<\/strong><\/a>, on a soit la possibilit\u00e9 de le sous-louer, soit celle de le c\u00e9der si l\u2019on ne veut pas payer le loyer d\u2019un logement inoccup\u00e9 jusqu\u2019au terme du contrat.<\/p>\n\n\n\n<p>Si la<a href=\"https:\/\/www.logisquebec.com\/guide-du-locataire\/a-quelles-conditions-pouvez-vous-sous-louer-votre-logement\"> <strong>sous-location<\/strong><\/a> est adapt\u00e9e pour les locataires d\u00e9sirant quitter temporairement leur logement, la cession de bail constitue en revanche la solution id\u00e9ale pour les personnes souhaitant partir d\u00e9finitivement. Il est important de noter que chaque option comporte des obligations l\u00e9gales sp\u00e9cifiques qu&rsquo;il convient de respecter pour \u00e9viter des complications ult\u00e9rieures.<\/p>\n\n\n\n<p>Quelles sont les \u00e9tapes \u00e0 respecter afin de mettre en place la cession de bail d\u2019un logement r\u00e9sidentiel?<\/p>\n\n\n\n<h2 class=\"wp-block-heading\">Aviser le locateur<\/h2>\n\n\n\n<p>Afin de c\u00e9der son bail, il convient en premier lieu d\u2019aviser son locateur par \u00e9crit. La loi impose de respecter certaines formes et notamment d\u2019indiquer:<\/p>\n\n\n\n<ol class=\"wp-block-list\">\n<li>le nom et l\u2019adresse de la ou des personnes int\u00e9ress\u00e9es au logement<\/li>\n\n\n\n<li>La date \u00e0 laquelle la cession de bail doit \u00eatre envisag\u00e9e<\/li>\n<\/ol>\n\n\n\n<p>Rien n\u2019interdit de fournir \u00e9galement d\u2019autres renseignements \u00e0 condition d\u2019obtenir au pr\u00e9alable le consentement du candidat cessionnaire. L\u2019avis doit en outre d\u00e9tenir une preuve de transmission : le locataire peut envoyer la lettre en courrier recommand\u00e9 ou la remettre en mains propres en demandant un accus\u00e9 de r\u00e9ception.<\/p>\n\n\n\n<p>Comme la loi impose au locateur de r\u00e9pondre dans un d\u00e9lai de 15 jours \u00e0 compter de la r\u00e9ception de l\u2019avis de cession de bail, et que sans r\u00e9ponse de sa part, il est r\u00e9put\u00e9 l\u2019avoir accept\u00e9, il est en effet absolument primordial de donner date certaine \u00e0 la r\u00e9ception de la lettre.<\/p>\n\n\n\n<h2 class=\"wp-block-heading\">Conclure une entente \u00e9crite avec le cessionnaire ou directement un contrat de cession<\/h2>\n\n\n\n<p>Apr\u00e8s avoir fourni les informations pertinentes au cessionnaire, et notamment tous les renseignements inclus dans le bail et les correspondances importantes avec le propri\u00e9taire par exemple un avis d\u2019augmentation de loyer, il est recommand\u00e9 de conclure une entente conditionnelle \u00e9crite. C\u2019est-\u00e0-dire un accord \u00e9crit comportant la clause suspensive d\u2019obtention de l\u2019acceptation du propri\u00e9taire. Il est m\u00eame possible de conclure directement un contrat de cession de bail conditionnelle \u00e0 l\u2019acceptation par le locateur, et de joindre le bail en annexe.<\/p>\n\n\n\n<p>Ce contrat de cession reprend les \u00e9l\u00e9ments essentiels du bail de logement \u00e0 savoir :<\/p>\n\n\n\n<ol class=\"wp-block-list\">\n<li>la dur\u00e9e du contrat, avec indication des dates de d\u00e9but et de fin<\/li>\n\n\n\n<li>le nombre de mois restant \u00e0 courir<\/li>\n\n\n\n<li>le loyer<\/li>\n\n\n\n<li>l\u2019adresse et la description du logement ainsi que la date d\u2019effet de la cession<\/li>\n<\/ol>\n\n\n\n<p>Cette date de cession peut \u00eatre:<\/p>\n\n\n\n<ul class=\"wp-block-list\">\n<li>soit la date d\u2019acceptation de la cession par le locateur<\/li>\n\n\n\n<li>soit une date ult\u00e9rieure, sachant que le locateur dispose de 15 jours pour r\u00e9pondre \u00e0 compter de la r\u00e9ception de l\u2019avis de cession de bail<\/li>\n<\/ul>\n\n\n\n<h2 class=\"wp-block-heading\">La d\u00e9cision du propri\u00e9taire<\/h2>\n\n\n\n<p>Le propri\u00e9taire peut soumettre un avis de refus concernant la personne propos\u00e9e, mais il doit motiver son refus par une raison s\u00e9rieuse : l\u2019enqu\u00eate a r\u00e9v\u00e9l\u00e9 par exemple un probl\u00e8me de mauvais comportement de la part du candidat cessionnaire, tel qu\u2019une incapacit\u00e9 \u00e0 payer son loyer.<\/p>\n\n\n\n<p>Si en revanche le propri\u00e9taire invoque un motif qui ne para\u00eet pas s\u00e9rieux, le locataire a la possibilit\u00e9 de saisir la R\u00e9gie du Qu\u00e9bec. Il peut lui demander de se prononcer sur les motifs en question ou de r\u00e9silier le bail actuel.<\/p>\n\n\n\n<p>Ainsi, celle-ci peut d\u00e9clarer valide une cession refus\u00e9e par un propri\u00e9taire si elle trouve l\u2019inacceptation injustifi\u00e9e. Dans ce contexte, il peut \u00eatre judicieux pour le locataire de consulter un avocat sp\u00e9cialis\u00e9 en droit immobilier pour mieux comprendre ses droits et options.<\/p>\n\n\n\n<p>S\u2019il accepte la cession de bail, le locateur est en droit de demander la prise en charge par le locataire de frais raisonnables tels que: les frais de r\u00e9daction du nouveau<a href=\"https:\/\/www.logisquebec.com\/guide-du-locataire\/le-bail-un-contrat-specifique\"> <strong>contrat de bail<\/strong><\/a>. Avant d&rsquo;engager cette d\u00e9marche, il est recommand\u00e9 de consulter les proc\u00e9dures recommand\u00e9es par le<a href=\"https:\/\/www.tal.gouv.qc.ca\/fr\/\" target=\"_blank\" rel=\"noreferrer noopener nofollow\"> Tribunal Administratif du Logement<\/a>.<\/p>\n\n\n\n<p>Une fois la cession de bail sign\u00e9e, le c\u00e9dant perd tous ses droits sur le logement et est lib\u00e9r\u00e9 de toute obligation envers le propri\u00e9taire. Le cessionnaire jouit alors de l\u2019ensemble des droits conf\u00e9r\u00e9s par le bail au locataire. Cela lui permet notamment de continuer \u00e0 occuper les lieux jusqu&rsquo;\u00e0 la fin du contrat, \u00e0 condition qu&rsquo;il respecte ses obligations.Toutefois, n\u2019\u00e9tant pas locataire en titre, il ne peut exercer de recours aupr\u00e8s du Tribunal administratif du logement afin de faire fixer son loyer. Envisagez-vous de quitter d\u00e9finitivement votre logement avant la fin de votre bail? Assurez-vous de suivre toutes les \u00e9tapes l\u00e9gales pour la cession de bail. Agissez d\u00e8s aujourd&rsquo;hui pour une transition en toute tranquillit\u00e9!<\/p>\n","protected":false},"excerpt":{"rendered":"<p>Lorsque l\u2019on d\u00e9sire quitter son logement avant la fin de son bail, on a soit la possibilit\u00e9 de le sous-louer, soit celle de le c\u00e9der si l\u2019on ne veut pas payer le loyer d\u2019un logement inoccup\u00e9 jusqu\u2019au terme du contrat. Si la sous-location est adapt\u00e9e pour les locataires d\u00e9sirant quitter temporairement leur logement, la cession<\/p>\n","protected":false},"author":1,"featured_media":196,"comment_status":"closed","ping_status":"open","sticky":false,"template":"","format":"standard","meta":{"footnotes":""},"categories":[2],"tags":[],"class_list":{"0":"post-191","1":"post","2":"type-post","3":"status-publish","4":"format-standard","5":"has-post-thumbnail","7":"category-location"},"yoast_head":"<!-- This site is optimized with the Yoast SEO plugin v27.5 - https:\/\/yoast.com\/product\/yoast-seo-wordpress\/ -->\n<title>Comment se d\u00e9roule la cession de bail d&#039;un logement r\u00e9sidentiel? - LogisQu\u00e9bec<\/title>\n<meta name=\"description\" content=\"La cession de bail est la solution id\u00e9ale pour les personnes souhaitant partir d\u00e9finitivement. Quelles sont les \u00e9tapes \u00e0 respecter ?\" \/>\n<meta name=\"robots\" content=\"index, follow, max-snippet:-1, max-image-preview:large, max-video-preview:-1\" \/>\n<link rel=\"canonical\" href=\"https:\/\/www.logisquebec.com\/blog\/se-deroule-cession-de-bail-dun-logement-residentiel\/\" \/>\n<meta property=\"og:locale\" content=\"fr_CA\" \/>\n<meta property=\"og:type\" content=\"article\" \/>\n<meta property=\"og:title\" content=\"Comment se d\u00e9roule la cession de bail d&#039;un logement r\u00e9sidentiel? - LogisQu\u00e9bec\" \/>\n<meta property=\"og:description\" content=\"La cession de bail est la solution id\u00e9ale pour les personnes souhaitant partir d\u00e9finitivement. Quelles sont les \u00e9tapes \u00e0 respecter ?\" \/>\n<meta property=\"og:url\" content=\"https:\/\/www.logisquebec.com\/blog\/se-deroule-cession-de-bail-dun-logement-residentiel\/\" \/>\n<meta property=\"og:site_name\" content=\"Le blogue d\u2019informations pratiques sur l\u2019immobilier au Qu\u00e9bec\" \/>\n<meta property=\"article:published_time\" content=\"2017-03-22T15:52:54+00:00\" \/>\n<meta property=\"article:modified_time\" content=\"2024-09-17T19:01:34+00:00\" \/>\n<meta property=\"og:image\" content=\"https:\/\/www.logisquebec.com\/blog\/wp-content\/uploads\/2017\/03\/iStock-172452648_publish.jpg\" \/>\n\t<meta property=\"og:image:width\" content=\"1500\" \/>\n\t<meta property=\"og:image:height\" content=\"800\" \/>\n\t<meta property=\"og:image:type\" content=\"image\/jpeg\" \/>\n<meta name=\"author\" content=\"logisqcadmin\" \/>\n<meta name=\"twitter:card\" content=\"summary_large_image\" \/>\n<meta name=\"twitter:label1\" content=\"\u00c9crit par\" \/>\n\t<meta name=\"twitter:data1\" content=\"logisqcadmin\" \/>\n\t<meta name=\"twitter:label2\" content=\"Estimation du temps de lecture\" \/>\n\t<meta name=\"twitter:data2\" content=\"5 minutes\" \/>\n<script type=\"application\/ld+json\" class=\"yoast-schema-graph\">{\"@context\":\"https:\\\/\\\/schema.org\",\"@graph\":[{\"@type\":\"Article\",\"@id\":\"https:\\\/\\\/www.logisquebec.com\\\/blog\\\/se-deroule-cession-de-bail-dun-logement-residentiel\\\/#article\",\"isPartOf\":{\"@id\":\"https:\\\/\\\/www.logisquebec.com\\\/blog\\\/se-deroule-cession-de-bail-dun-logement-residentiel\\\/\"},\"author\":{\"name\":\"logisqcadmin\",\"@id\":\"https:\\\/\\\/www.logisquebec.com\\\/blog\\\/#\\\/schema\\\/person\\\/485391ff3c1a74825d6cd81569a65fc1\"},\"headline\":\"Comment se d\u00e9roule la cession de bail d&rsquo;un logement r\u00e9sidentiel?\",\"datePublished\":\"2017-03-22T15:52:54+00:00\",\"dateModified\":\"2024-09-17T19:01:34+00:00\",\"mainEntityOfPage\":{\"@id\":\"https:\\\/\\\/www.logisquebec.com\\\/blog\\\/se-deroule-cession-de-bail-dun-logement-residentiel\\\/\"},\"wordCount\":844,\"image\":{\"@id\":\"https:\\\/\\\/www.logisquebec.com\\\/blog\\\/se-deroule-cession-de-bail-dun-logement-residentiel\\\/#primaryimage\"},\"thumbnailUrl\":\"https:\\\/\\\/www.logisquebec.com\\\/blog\\\/wp-content\\\/uploads\\\/2017\\\/03\\\/iStock-172452648_publish.jpg\",\"articleSection\":[\"location\"],\"inLanguage\":\"fr-CA\"},{\"@type\":\"WebPage\",\"@id\":\"https:\\\/\\\/www.logisquebec.com\\\/blog\\\/se-deroule-cession-de-bail-dun-logement-residentiel\\\/\",\"url\":\"https:\\\/\\\/www.logisquebec.com\\\/blog\\\/se-deroule-cession-de-bail-dun-logement-residentiel\\\/\",\"name\":\"Comment se d\u00e9roule la cession de bail d'un logement r\u00e9sidentiel? - LogisQu\u00e9bec\",\"isPartOf\":{\"@id\":\"https:\\\/\\\/www.logisquebec.com\\\/blog\\\/#website\"},\"primaryImageOfPage\":{\"@id\":\"https:\\\/\\\/www.logisquebec.com\\\/blog\\\/se-deroule-cession-de-bail-dun-logement-residentiel\\\/#primaryimage\"},\"image\":{\"@id\":\"https:\\\/\\\/www.logisquebec.com\\\/blog\\\/se-deroule-cession-de-bail-dun-logement-residentiel\\\/#primaryimage\"},\"thumbnailUrl\":\"https:\\\/\\\/www.logisquebec.com\\\/blog\\\/wp-content\\\/uploads\\\/2017\\\/03\\\/iStock-172452648_publish.jpg\",\"datePublished\":\"2017-03-22T15:52:54+00:00\",\"dateModified\":\"2024-09-17T19:01:34+00:00\",\"author\":{\"@id\":\"https:\\\/\\\/www.logisquebec.com\\\/blog\\\/#\\\/schema\\\/person\\\/485391ff3c1a74825d6cd81569a65fc1\"},\"description\":\"La cession de bail est la solution id\u00e9ale pour les personnes souhaitant partir d\u00e9finitivement. Quelles sont les \u00e9tapes \u00e0 respecter ?\",\"breadcrumb\":{\"@id\":\"https:\\\/\\\/www.logisquebec.com\\\/blog\\\/se-deroule-cession-de-bail-dun-logement-residentiel\\\/#breadcrumb\"},\"inLanguage\":\"fr-CA\",\"potentialAction\":[{\"@type\":\"ReadAction\",\"target\":[\"https:\\\/\\\/www.logisquebec.com\\\/blog\\\/se-deroule-cession-de-bail-dun-logement-residentiel\\\/\"]}]},{\"@type\":\"ImageObject\",\"inLanguage\":\"fr-CA\",\"@id\":\"https:\\\/\\\/www.logisquebec.com\\\/blog\\\/se-deroule-cession-de-bail-dun-logement-residentiel\\\/#primaryimage\",\"url\":\"https:\\\/\\\/www.logisquebec.com\\\/blog\\\/wp-content\\\/uploads\\\/2017\\\/03\\\/iStock-172452648_publish.jpg\",\"contentUrl\":\"https:\\\/\\\/www.logisquebec.com\\\/blog\\\/wp-content\\\/uploads\\\/2017\\\/03\\\/iStock-172452648_publish.jpg\",\"width\":1500,\"height\":800,\"caption\":\"Comment se d\u00e9roule la cession de bail d'un logement r\u00e9sidentiel?\"},{\"@type\":\"BreadcrumbList\",\"@id\":\"https:\\\/\\\/www.logisquebec.com\\\/blog\\\/se-deroule-cession-de-bail-dun-logement-residentiel\\\/#breadcrumb\",\"itemListElement\":[{\"@type\":\"ListItem\",\"position\":1,\"name\":\"Accueil\",\"item\":\"https:\\\/\\\/www.logisquebec.com\\\/blog\\\/\"},{\"@type\":\"ListItem\",\"position\":2,\"name\":\"Comment se d\u00e9roule la cession de bail d&rsquo;un logement r\u00e9sidentiel?\"}]},{\"@type\":\"WebSite\",\"@id\":\"https:\\\/\\\/www.logisquebec.com\\\/blog\\\/#website\",\"url\":\"https:\\\/\\\/www.logisquebec.com\\\/blog\\\/\",\"name\":\"Le blogue d\u2019informations pratiques sur l\u2019immobilier au Qu\u00e9bec\",\"description\":\"\",\"potentialAction\":[{\"@type\":\"SearchAction\",\"target\":{\"@type\":\"EntryPoint\",\"urlTemplate\":\"https:\\\/\\\/www.logisquebec.com\\\/blog\\\/?s={search_term_string}\"},\"query-input\":{\"@type\":\"PropertyValueSpecification\",\"valueRequired\":true,\"valueName\":\"search_term_string\"}}],\"inLanguage\":\"fr-CA\"},{\"@type\":\"Person\",\"@id\":\"https:\\\/\\\/www.logisquebec.com\\\/blog\\\/#\\\/schema\\\/person\\\/485391ff3c1a74825d6cd81569a65fc1\",\"name\":\"logisqcadmin\",\"image\":{\"@type\":\"ImageObject\",\"inLanguage\":\"fr-CA\",\"@id\":\"https:\\\/\\\/secure.gravatar.com\\\/avatar\\\/5cec006740d02494574351ebd09daf76d50359205188f2f5e3e29023e09b9152?s=96&d=mm&r=g\",\"url\":\"https:\\\/\\\/secure.gravatar.com\\\/avatar\\\/5cec006740d02494574351ebd09daf76d50359205188f2f5e3e29023e09b9152?s=96&d=mm&r=g\",\"contentUrl\":\"https:\\\/\\\/secure.gravatar.com\\\/avatar\\\/5cec006740d02494574351ebd09daf76d50359205188f2f5e3e29023e09b9152?s=96&d=mm&r=g\",\"caption\":\"logisqcadmin\"}}]}<\/script>\n<!-- \/ Yoast SEO plugin. -->","yoast_head_json":{"title":"Comment se d\u00e9roule la cession de bail d'un logement r\u00e9sidentiel? - LogisQu\u00e9bec","description":"La cession de bail est la solution id\u00e9ale pour les personnes souhaitant partir d\u00e9finitivement. Quelles sont les \u00e9tapes \u00e0 respecter ?","robots":{"index":"index","follow":"follow","max-snippet":"max-snippet:-1","max-image-preview":"max-image-preview:large","max-video-preview":"max-video-preview:-1"},"canonical":"https:\/\/www.logisquebec.com\/blog\/se-deroule-cession-de-bail-dun-logement-residentiel\/","og_locale":"fr_CA","og_type":"article","og_title":"Comment se d\u00e9roule la cession de bail d'un logement r\u00e9sidentiel? - LogisQu\u00e9bec","og_description":"La cession de bail est la solution id\u00e9ale pour les personnes souhaitant partir d\u00e9finitivement. Quelles sont les \u00e9tapes \u00e0 respecter ?","og_url":"https:\/\/www.logisquebec.com\/blog\/se-deroule-cession-de-bail-dun-logement-residentiel\/","og_site_name":"Le blogue d\u2019informations pratiques sur l\u2019immobilier au Qu\u00e9bec","article_published_time":"2017-03-22T15:52:54+00:00","article_modified_time":"2024-09-17T19:01:34+00:00","og_image":[{"width":1500,"height":800,"url":"https:\/\/www.logisquebec.com\/blog\/wp-content\/uploads\/2017\/03\/iStock-172452648_publish.jpg","type":"image\/jpeg"}],"author":"logisqcadmin","twitter_card":"summary_large_image","twitter_misc":{"\u00c9crit par":"logisqcadmin","Estimation du temps de lecture":"5 minutes"},"schema":{"@context":"https:\/\/schema.org","@graph":[{"@type":"Article","@id":"https:\/\/www.logisquebec.com\/blog\/se-deroule-cession-de-bail-dun-logement-residentiel\/#article","isPartOf":{"@id":"https:\/\/www.logisquebec.com\/blog\/se-deroule-cession-de-bail-dun-logement-residentiel\/"},"author":{"name":"logisqcadmin","@id":"https:\/\/www.logisquebec.com\/blog\/#\/schema\/person\/485391ff3c1a74825d6cd81569a65fc1"},"headline":"Comment se d\u00e9roule la cession de bail d&rsquo;un logement r\u00e9sidentiel?","datePublished":"2017-03-22T15:52:54+00:00","dateModified":"2024-09-17T19:01:34+00:00","mainEntityOfPage":{"@id":"https:\/\/www.logisquebec.com\/blog\/se-deroule-cession-de-bail-dun-logement-residentiel\/"},"wordCount":844,"image":{"@id":"https:\/\/www.logisquebec.com\/blog\/se-deroule-cession-de-bail-dun-logement-residentiel\/#primaryimage"},"thumbnailUrl":"https:\/\/www.logisquebec.com\/blog\/wp-content\/uploads\/2017\/03\/iStock-172452648_publish.jpg","articleSection":["location"],"inLanguage":"fr-CA"},{"@type":"WebPage","@id":"https:\/\/www.logisquebec.com\/blog\/se-deroule-cession-de-bail-dun-logement-residentiel\/","url":"https:\/\/www.logisquebec.com\/blog\/se-deroule-cession-de-bail-dun-logement-residentiel\/","name":"Comment se d\u00e9roule la cession de bail d'un logement r\u00e9sidentiel? - LogisQu\u00e9bec","isPartOf":{"@id":"https:\/\/www.logisquebec.com\/blog\/#website"},"primaryImageOfPage":{"@id":"https:\/\/www.logisquebec.com\/blog\/se-deroule-cession-de-bail-dun-logement-residentiel\/#primaryimage"},"image":{"@id":"https:\/\/www.logisquebec.com\/blog\/se-deroule-cession-de-bail-dun-logement-residentiel\/#primaryimage"},"thumbnailUrl":"https:\/\/www.logisquebec.com\/blog\/wp-content\/uploads\/2017\/03\/iStock-172452648_publish.jpg","datePublished":"2017-03-22T15:52:54+00:00","dateModified":"2024-09-17T19:01:34+00:00","author":{"@id":"https:\/\/www.logisquebec.com\/blog\/#\/schema\/person\/485391ff3c1a74825d6cd81569a65fc1"},"description":"La cession de bail est la solution id\u00e9ale pour les personnes souhaitant partir d\u00e9finitivement. Quelles sont les \u00e9tapes \u00e0 respecter ?","breadcrumb":{"@id":"https:\/\/www.logisquebec.com\/blog\/se-deroule-cession-de-bail-dun-logement-residentiel\/#breadcrumb"},"inLanguage":"fr-CA","potentialAction":[{"@type":"ReadAction","target":["https:\/\/www.logisquebec.com\/blog\/se-deroule-cession-de-bail-dun-logement-residentiel\/"]}]},{"@type":"ImageObject","inLanguage":"fr-CA","@id":"https:\/\/www.logisquebec.com\/blog\/se-deroule-cession-de-bail-dun-logement-residentiel\/#primaryimage","url":"https:\/\/www.logisquebec.com\/blog\/wp-content\/uploads\/2017\/03\/iStock-172452648_publish.jpg","contentUrl":"https:\/\/www.logisquebec.com\/blog\/wp-content\/uploads\/2017\/03\/iStock-172452648_publish.jpg","width":1500,"height":800,"caption":"Comment se d\u00e9roule la cession de bail d'un logement r\u00e9sidentiel?"},{"@type":"BreadcrumbList","@id":"https:\/\/www.logisquebec.com\/blog\/se-deroule-cession-de-bail-dun-logement-residentiel\/#breadcrumb","itemListElement":[{"@type":"ListItem","position":1,"name":"Accueil","item":"https:\/\/www.logisquebec.com\/blog\/"},{"@type":"ListItem","position":2,"name":"Comment se d\u00e9roule la cession de bail d&rsquo;un logement r\u00e9sidentiel?"}]},{"@type":"WebSite","@id":"https:\/\/www.logisquebec.com\/blog\/#website","url":"https:\/\/www.logisquebec.com\/blog\/","name":"Le blogue d\u2019informations pratiques sur l\u2019immobilier au Qu\u00e9bec","description":"","potentialAction":[{"@type":"SearchAction","target":{"@type":"EntryPoint","urlTemplate":"https:\/\/www.logisquebec.com\/blog\/?s={search_term_string}"},"query-input":{"@type":"PropertyValueSpecification","valueRequired":true,"valueName":"search_term_string"}}],"inLanguage":"fr-CA"},{"@type":"Person","@id":"https:\/\/www.logisquebec.com\/blog\/#\/schema\/person\/485391ff3c1a74825d6cd81569a65fc1","name":"logisqcadmin","image":{"@type":"ImageObject","inLanguage":"fr-CA","@id":"https:\/\/secure.gravatar.com\/avatar\/5cec006740d02494574351ebd09daf76d50359205188f2f5e3e29023e09b9152?s=96&d=mm&r=g","url":"https:\/\/secure.gravatar.com\/avatar\/5cec006740d02494574351ebd09daf76d50359205188f2f5e3e29023e09b9152?s=96&d=mm&r=g","contentUrl":"https:\/\/secure.gravatar.com\/avatar\/5cec006740d02494574351ebd09daf76d50359205188f2f5e3e29023e09b9152?s=96&d=mm&r=g","caption":"logisqcadmin"}}]}},"_links":{"self":[{"href":"https:\/\/www.logisquebec.com\/blog\/wp-json\/wp\/v2\/posts\/191","targetHints":{"allow":["GET"]}}],"collection":[{"href":"https:\/\/www.logisquebec.com\/blog\/wp-json\/wp\/v2\/posts"}],"about":[{"href":"https:\/\/www.logisquebec.com\/blog\/wp-json\/wp\/v2\/types\/post"}],"author":[{"embeddable":true,"href":"https:\/\/www.logisquebec.com\/blog\/wp-json\/wp\/v2\/users\/1"}],"replies":[{"embeddable":true,"href":"https:\/\/www.logisquebec.com\/blog\/wp-json\/wp\/v2\/comments?post=191"}],"version-history":[{"count":3,"href":"https:\/\/www.logisquebec.com\/blog\/wp-json\/wp\/v2\/posts\/191\/revisions"}],"predecessor-version":[{"id":1110,"href":"https:\/\/www.logisquebec.com\/blog\/wp-json\/wp\/v2\/posts\/191\/revisions\/1110"}],"wp:featuredmedia":[{"embeddable":true,"href":"https:\/\/www.logisquebec.com\/blog\/wp-json\/wp\/v2\/media\/196"}],"wp:attachment":[{"href":"https:\/\/www.logisquebec.com\/blog\/wp-json\/wp\/v2\/media?parent=191"}],"wp:term":[{"taxonomy":"category","embeddable":true,"href":"https:\/\/www.logisquebec.com\/blog\/wp-json\/wp\/v2\/categories?post=191"},{"taxonomy":"post_tag","embeddable":true,"href":"https:\/\/www.logisquebec.com\/blog\/wp-json\/wp\/v2\/tags?post=191"}],"curies":[{"name":"wp","href":"https:\/\/api.w.org\/{rel}","templated":true}]}}