{"id":395,"date":"2019-03-19T16:33:33","date_gmt":"2019-03-19T16:33:33","guid":{"rendered":"https:\/\/www.logisquebec.com\/blog\/?p=395"},"modified":"2019-03-19T16:33:33","modified_gmt":"2019-03-19T16:33:33","slug":"changement-de-fenetre-quand-le-faire-comment-magasiner-et-acheter-les-bonnes-fenetres","status":"publish","type":"post","link":"https:\/\/www.logisquebec.com\/blog\/changement-de-fenetre-quand-le-faire-comment-magasiner-et-acheter-les-bonnes-fenetres\/","title":{"rendered":"Changement de fen\u00eatre : quand le faire, comment magasiner et acheter les bonnes fen\u00eatres?"},"content":{"rendered":"\n<p>Vous envisagez un changement de fen\u00eatre avant d\u2019entamer l\u2019hiver et les basses temp\u00e9ratures de cette saison apr\u00e8s avoir endur\u00e9 les infiltrations d\u2019air d\u00e9sagr\u00e9ables et l\u2019apparition de bu\u00e9e? Si des probl\u00e8mes d\u2019efficacit\u00e9, d\u2019inconfort, d\u2019insonorisation ou encore d\u2019esth\u00e9tique s\u2019accumulent, il est recommand\u00e9 d\u2019effectuer votre changement de fen\u00eatre le plus rapidement possible pour un investissement b\u00e9n\u00e9fique \u00e0 long terme pour votre maison ou votre b\u00e2timent.<\/p>\n\n\n\n<h3 class=\"wp-block-heading\"><strong>Quand effectuer un changement de fen\u00eatres?<\/strong><\/h3>\n\n\n\n<p>Il est recommand\u00e9 de changer vos fen\u00eatres le plus rapidement possible dans la mesure o\u00f9 celles-ci seraient endommag\u00e9es, notamment avant l\u2019hiver, en cas de fracture d\u2019une ou de plusieurs fen\u00eatres. Il est \u00e9galement recommand\u00e9 de faire un changement de fen\u00eatre le plus rapidement possible, si vous rencontrez des probl\u00e8mes d\u2019efficacit\u00e9, d\u2019inconfort, d\u2019insonorisation ou encore d\u2019esth\u00e9tique li\u00e9s \u00e0 vos fen\u00eatres. Les fen\u00eatres sont des \u00e9l\u00e9ments qui ont une longue dur\u00e9e de vie, allant de 15 \u00e0 25 ans selon les mat\u00e9riaux, mais leur changement est parfois in\u00e9vitable et urgent pour garder un certain confort et une stabilit\u00e9 \u00e9nerg\u00e9tique dans votre int\u00e9rieur. Le remplacement de vos fen\u00eatres comme celui de vos portes constitue un investissement \u00e9conomique relativement important, mais celui-ci est un investissement \u00e0 long terme. Aussi, vous gagnerez en performance \u00e9nerg\u00e9tique et ferez alors certainement de lourdes \u00e9conomies sur vos factures d\u2019\u00e9nergie pour rentabiliser rapidement cet investissement. En effet, ces travaux apparaissent en t\u00eate de liste des r\u00e9novations \u00e9co\u00e9nerg\u00e9tiques les plus rentables \u00e0 long terme pour les particuliers et leur habitation comme pour les b\u00e2timents commerciaux et industriels.<\/p>\n\n\n\n<!--more-->\n\n\n\n<h3 class=\"wp-block-heading\"><strong>Les contraintes li\u00e9es \u00e0 la construction au Qu\u00e9bec<\/strong><\/h3>\n\n\n\n<p>Avant de d\u00e9buter la phase de magasinage de vos nouvelles fen\u00eatres et avant de faire le choix d\u2019un entrepreneur pour effectuer les travaux de changement de vos \u00e9l\u00e9ments, il vous faut savoir que vous devez toujours contacter pr\u00e9alablement votre municipalit\u00e9 au sujet de ces travaux. En effet, au Qu\u00e9bec, la fenestration de tout type de b\u00e2timent, et m\u00eame d\u2019une habitation est r\u00e9gie par certaines dispositions du Code civil et des normes du Code de construction. Ces normes sont notamment dues \u00e0 des dispositions architecturales d\u2019un b\u00e2timent ou encore d\u2019un quartier qui doivent \u00eatre respect\u00e9es. Certaines contraintes li\u00e9es \u00e0 la pr\u00e9servation du patrimoine urbain peuvent donc vous \u00eatre impos\u00e9es. Renseignez-vous afin d\u2019obtenir un permis de r\u00e9novation.<\/p>\n\n\n\n<h3 class=\"wp-block-heading\"><strong>Comment magasiner des fen\u00eatres?<\/strong><\/h3>\n\n\n\n<p>Pour choisir les meilleures fen\u00eatres possible, car un changement de fen\u00eatres est un investissement important et \u00e0 long terme pour votre b\u00e2timent, il vous faut d\u00e9terminer vos besoins et vos envies. Vous pouvez notamment dresser une liste des diverses caract\u00e9ristiques que vous souhaitez pour vos nouvelles fen\u00eatres, en termes d\u2019isolation bien s\u00fbr, mais \u00e9galement d\u2019esth\u00e9tique et de mode de fonctionnement (d\u2019ouverture) et d\u2019entretien. Une fois que vous aurez d\u00e9termin\u00e9 vos besoins, obtenue un permis de r\u00e9novation, et suivant le choix de fen\u00eatres qui s\u2019offre \u00e0 vous, voici notre guide des types de fen\u00eatres disponibles sur le march\u00e9&nbsp;:<\/p>\n\n\n\n<h4 class=\"wp-block-heading\"><strong>Les fen\u00eatres \u00e0 battant <\/strong><\/h4>\n\n\n\n<ul class=\"wp-block-list\"><li>Charni\u00e8res sur le c\u00f4t\u00e9, permettant une ouverture vers l\u2019ext\u00e9rieur selon un axe vertical<\/li><li>Ouverture \u00e0 manivelle ou \u00e0 l\u2019anglaise<\/li><li>A\u00e9ration maximis\u00e9e<\/li><li>Qualit\u00e9 et performance sup\u00e9rieures en termes de coupe-froid<\/li><\/ul>\n\n\n\n<h4 class=\"wp-block-heading\"><strong>Fen\u00eatre oscillo-battante<\/strong><\/h4>\n\n\n\n<ul class=\"wp-block-list\"><li>Avec deux syst\u00e8mes d\u2019ouverture, ce type de fen\u00eatre permet une ouverture vers l\u2019int\u00e9rieur selon un axe vertical et une entrouverture de volet vers l\u2019int\u00e9rieur selon un axe horizontal<\/li><li>Permet une bonne ventilation toute la journ\u00e9e<\/li><li>Permet d\u2019a\u00e9rer sans craindre une infraction<\/li><li>Performance sup\u00e9rieure de coupe-froid<\/li><\/ul>\n\n\n\n<h4 class=\"wp-block-heading\"><strong>Fen\u00eatre coulissante simple ou double<\/strong><\/h4>\n\n\n\n<ul class=\"wp-block-list\"><li>Ouverture gr\u00e2ce \u00e0 un glissement horizontal d\u2019un ou deux volets<\/li><li>Peu encombrante, aucune interf\u00e9rence \u00e0 l\u2019ext\u00e9rieur<\/li><li>Id\u00e9ale pour offrir une sortie de secours<\/li><li>Type de fen\u00eatres peu on\u00e9reuses<\/li><\/ul>\n\n\n\n<h4 class=\"wp-block-heading\"><strong>Fen\u00eatre \u00e0 auvent<\/strong><\/h4>\n\n\n\n<ul class=\"wp-block-list\"><li>Charni\u00e8res sur le haut, permettant une ouverture vers l\u2019ext\u00e9rieur selon un axe horizontal<\/li><li>Permet une bonne ventilation<\/li><li>Peut \u00eatre laiss\u00e9e ouverte en cas de pluie<\/li><li>Performance sup\u00e9rieure, coupe-froid<\/li><\/ul>\n\n\n\n<h4 class=\"wp-block-heading\"><strong>Fen\u00eatre fixe<\/strong><\/h4>\n\n\n\n<ul class=\"wp-block-list\"><li>Aucune ouverture possible<\/li><li>Permet un design architectural<\/li><li>Performance \u00e9nerg\u00e9tique sup\u00e9rieure<\/li><li>Existantes en mod\u00e8les de baies vitr\u00e9es ou encore en fen\u00eatres arqu\u00e9es<\/li><\/ul>\n\n\n\n<h3 class=\"wp-block-heading\"><strong>Les mat\u00e9riaux de fen\u00eatres \u00e0 privil\u00e9gier<\/strong><\/h3>\n\n\n\n<p>Afin d\u2019optimiser vos co\u00fbts en \u00e9nergie, \u00e9liminer efficacement les courants d\u2019air froid, r\u00e9duire l\u2019accumulation de la condensation ou encore augmenter l\u2019isolation du bruit, certains mat\u00e9riaux de fen\u00eatre sont \u00e0 privil\u00e9gier. Pour maximiser les chances d\u2019obtenir une bonne isolation, la solution est d\u2019opter pour des cadres de fen\u00eatres mixtes, faits de deux mat\u00e9riaux diff\u00e9rents comme le bois et l\u2019aluminium. Bien que certaines fen\u00eatres peu on\u00e9reuses soient en PVC, l\u2019aluminium est un mat\u00e9riau qui est bien plus r\u00e9sistant. Au Canada, il faut \u00e9galement penser au vitrage qui doit imp\u00e9rativement \u00eatre au minimum doubl\u00e9. Il est \u00e9galement possible d\u2019investir dans un vitrage triple avec gaz \u00e0 l\u2019int\u00e9rieur qui laisse de l\u2019air stagnant entre les deux vitrages pour augmenter le niveau de chaleur et d\u2019opter pour des fen\u00eatres labellis\u00e9es qui garantissent un bon niveau de qualit\u00e9. Vous pouvez notamment trouver deux labels&nbsp;: le label international d\u2019excellence \u00e9nerg\u00e9tique Energy Star et le label coupe-brise et coupe-froid qui garantissent une bonne \u00e9tanch\u00e9it\u00e9 contre la pluie et la poussi\u00e8re.<\/p>\n","protected":false},"excerpt":{"rendered":"<p>Vous envisagez un changement de fen\u00eatre avant d\u2019entamer l\u2019hiver et les basses temp\u00e9ratures de cette saison apr\u00e8s avoir endur\u00e9 les infiltrations d\u2019air d\u00e9sagr\u00e9ables et l\u2019apparition de bu\u00e9e? Si des probl\u00e8mes d\u2019efficacit\u00e9, d\u2019inconfort, d\u2019insonorisation ou encore d\u2019esth\u00e9tique s\u2019accumulent, il est recommand\u00e9 d\u2019effectuer votre changement de fen\u00eatre le plus rapidement possible pour un investissement b\u00e9n\u00e9fique \u00e0 long<\/p>\n","protected":false},"author":1,"featured_media":398,"comment_status":"closed","ping_status":"open","sticky":false,"template":"","format":"standard","meta":{"footnotes":""},"categories":[5],"tags":[],"class_list":{"0":"post-395","1":"post","2":"type-post","3":"status-publish","4":"format-standard","5":"has-post-thumbnail","7":"category-vente"},"yoast_head":"<!-- This site is optimized with the Yoast SEO plugin v27.5 - https:\/\/yoast.com\/product\/yoast-seo-wordpress\/ -->\n<title>Changement de fen\u00eatre : quand le faire, comment magasiner et acheter les bonnes fen\u00eatres? - LogisQu\u00e9bec<\/title>\n<meta name=\"robots\" content=\"index, follow, max-snippet:-1, max-image-preview:large, max-video-preview:-1\" \/>\n<link rel=\"canonical\" href=\"https:\/\/www.logisquebec.com\/blog\/changement-de-fenetre-quand-le-faire-comment-magasiner-et-acheter-les-bonnes-fenetres\/\" \/>\n<meta property=\"og:locale\" content=\"fr_CA\" \/>\n<meta property=\"og:type\" content=\"article\" \/>\n<meta property=\"og:title\" content=\"Changement de fen\u00eatre : quand le faire, comment magasiner et acheter les bonnes fen\u00eatres? - LogisQu\u00e9bec\" \/>\n<meta property=\"og:description\" content=\"Vous envisagez un changement de fen\u00eatre avant d\u2019entamer l\u2019hiver et les basses temp\u00e9ratures de cette saison apr\u00e8s avoir endur\u00e9 les infiltrations d\u2019air d\u00e9sagr\u00e9ables et l\u2019apparition de bu\u00e9e? Si des probl\u00e8mes d\u2019efficacit\u00e9, d\u2019inconfort, d\u2019insonorisation ou encore d\u2019esth\u00e9tique s\u2019accumulent, il est recommand\u00e9 d\u2019effectuer votre changement de fen\u00eatre le plus rapidement possible pour un investissement b\u00e9n\u00e9fique \u00e0 long\" \/>\n<meta property=\"og:url\" content=\"https:\/\/www.logisquebec.com\/blog\/changement-de-fenetre-quand-le-faire-comment-magasiner-et-acheter-les-bonnes-fenetres\/\" \/>\n<meta property=\"og:site_name\" content=\"Le blogue d\u2019informations pratiques sur l\u2019immobilier au Qu\u00e9bec\" \/>\n<meta property=\"article:published_time\" content=\"2019-03-19T16:33:33+00:00\" \/>\n<meta property=\"og:image\" content=\"https:\/\/www.logisquebec.com\/blog\/wp-content\/uploads\/2019\/02\/iStock-840517406_publish.jpg\" \/>\n\t<meta property=\"og:image:width\" content=\"1500\" \/>\n\t<meta property=\"og:image:height\" content=\"800\" \/>\n\t<meta property=\"og:image:type\" content=\"image\/jpeg\" \/>\n<meta name=\"author\" content=\"logisqcadmin\" \/>\n<meta name=\"twitter:card\" content=\"summary_large_image\" \/>\n<meta name=\"twitter:label1\" content=\"\u00c9crit par\" \/>\n\t<meta name=\"twitter:data1\" content=\"logisqcadmin\" \/>\n\t<meta name=\"twitter:label2\" content=\"Estimation du temps de lecture\" \/>\n\t<meta name=\"twitter:data2\" content=\"5 minutes\" \/>\n<script type=\"application\/ld+json\" class=\"yoast-schema-graph\">{\"@context\":\"https:\\\/\\\/schema.org\",\"@graph\":[{\"@type\":\"Article\",\"@id\":\"https:\\\/\\\/www.logisquebec.com\\\/blog\\\/changement-de-fenetre-quand-le-faire-comment-magasiner-et-acheter-les-bonnes-fenetres\\\/#article\",\"isPartOf\":{\"@id\":\"https:\\\/\\\/www.logisquebec.com\\\/blog\\\/changement-de-fenetre-quand-le-faire-comment-magasiner-et-acheter-les-bonnes-fenetres\\\/\"},\"author\":{\"name\":\"logisqcadmin\",\"@id\":\"https:\\\/\\\/www.logisquebec.com\\\/blog\\\/#\\\/schema\\\/person\\\/485391ff3c1a74825d6cd81569a65fc1\"},\"headline\":\"Changement de fen\u00eatre : quand le faire, comment magasiner et acheter les bonnes fen\u00eatres?\",\"datePublished\":\"2019-03-19T16:33:33+00:00\",\"mainEntityOfPage\":{\"@id\":\"https:\\\/\\\/www.logisquebec.com\\\/blog\\\/changement-de-fenetre-quand-le-faire-comment-magasiner-et-acheter-les-bonnes-fenetres\\\/\"},\"wordCount\":969,\"image\":{\"@id\":\"https:\\\/\\\/www.logisquebec.com\\\/blog\\\/changement-de-fenetre-quand-le-faire-comment-magasiner-et-acheter-les-bonnes-fenetres\\\/#primaryimage\"},\"thumbnailUrl\":\"https:\\\/\\\/www.logisquebec.com\\\/blog\\\/wp-content\\\/uploads\\\/2019\\\/02\\\/iStock-840517406_publish.jpg\",\"articleSection\":[\"vente\"],\"inLanguage\":\"fr-CA\"},{\"@type\":\"WebPage\",\"@id\":\"https:\\\/\\\/www.logisquebec.com\\\/blog\\\/changement-de-fenetre-quand-le-faire-comment-magasiner-et-acheter-les-bonnes-fenetres\\\/\",\"url\":\"https:\\\/\\\/www.logisquebec.com\\\/blog\\\/changement-de-fenetre-quand-le-faire-comment-magasiner-et-acheter-les-bonnes-fenetres\\\/\",\"name\":\"Changement de fen\u00eatre : quand le faire, comment magasiner et acheter les bonnes fen\u00eatres? - LogisQu\u00e9bec\",\"isPartOf\":{\"@id\":\"https:\\\/\\\/www.logisquebec.com\\\/blog\\\/#website\"},\"primaryImageOfPage\":{\"@id\":\"https:\\\/\\\/www.logisquebec.com\\\/blog\\\/changement-de-fenetre-quand-le-faire-comment-magasiner-et-acheter-les-bonnes-fenetres\\\/#primaryimage\"},\"image\":{\"@id\":\"https:\\\/\\\/www.logisquebec.com\\\/blog\\\/changement-de-fenetre-quand-le-faire-comment-magasiner-et-acheter-les-bonnes-fenetres\\\/#primaryimage\"},\"thumbnailUrl\":\"https:\\\/\\\/www.logisquebec.com\\\/blog\\\/wp-content\\\/uploads\\\/2019\\\/02\\\/iStock-840517406_publish.jpg\",\"datePublished\":\"2019-03-19T16:33:33+00:00\",\"author\":{\"@id\":\"https:\\\/\\\/www.logisquebec.com\\\/blog\\\/#\\\/schema\\\/person\\\/485391ff3c1a74825d6cd81569a65fc1\"},\"breadcrumb\":{\"@id\":\"https:\\\/\\\/www.logisquebec.com\\\/blog\\\/changement-de-fenetre-quand-le-faire-comment-magasiner-et-acheter-les-bonnes-fenetres\\\/#breadcrumb\"},\"inLanguage\":\"fr-CA\",\"potentialAction\":[{\"@type\":\"ReadAction\",\"target\":[\"https:\\\/\\\/www.logisquebec.com\\\/blog\\\/changement-de-fenetre-quand-le-faire-comment-magasiner-et-acheter-les-bonnes-fenetres\\\/\"]}]},{\"@type\":\"ImageObject\",\"inLanguage\":\"fr-CA\",\"@id\":\"https:\\\/\\\/www.logisquebec.com\\\/blog\\\/changement-de-fenetre-quand-le-faire-comment-magasiner-et-acheter-les-bonnes-fenetres\\\/#primaryimage\",\"url\":\"https:\\\/\\\/www.logisquebec.com\\\/blog\\\/wp-content\\\/uploads\\\/2019\\\/02\\\/iStock-840517406_publish.jpg\",\"contentUrl\":\"https:\\\/\\\/www.logisquebec.com\\\/blog\\\/wp-content\\\/uploads\\\/2019\\\/02\\\/iStock-840517406_publish.jpg\",\"width\":1500,\"height\":800,\"caption\":\"Changement de fen\u00eatre\"},{\"@type\":\"BreadcrumbList\",\"@id\":\"https:\\\/\\\/www.logisquebec.com\\\/blog\\\/changement-de-fenetre-quand-le-faire-comment-magasiner-et-acheter-les-bonnes-fenetres\\\/#breadcrumb\",\"itemListElement\":[{\"@type\":\"ListItem\",\"position\":1,\"name\":\"Accueil\",\"item\":\"https:\\\/\\\/www.logisquebec.com\\\/blog\\\/\"},{\"@type\":\"ListItem\",\"position\":2,\"name\":\"Changement de fen\u00eatre : quand le faire, comment magasiner et acheter les bonnes fen\u00eatres?\"}]},{\"@type\":\"WebSite\",\"@id\":\"https:\\\/\\\/www.logisquebec.com\\\/blog\\\/#website\",\"url\":\"https:\\\/\\\/www.logisquebec.com\\\/blog\\\/\",\"name\":\"Le blogue d\u2019informations pratiques sur l\u2019immobilier au Qu\u00e9bec\",\"description\":\"\",\"potentialAction\":[{\"@type\":\"SearchAction\",\"target\":{\"@type\":\"EntryPoint\",\"urlTemplate\":\"https:\\\/\\\/www.logisquebec.com\\\/blog\\\/?s={search_term_string}\"},\"query-input\":{\"@type\":\"PropertyValueSpecification\",\"valueRequired\":true,\"valueName\":\"search_term_string\"}}],\"inLanguage\":\"fr-CA\"},{\"@type\":\"Person\",\"@id\":\"https:\\\/\\\/www.logisquebec.com\\\/blog\\\/#\\\/schema\\\/person\\\/485391ff3c1a74825d6cd81569a65fc1\",\"name\":\"logisqcadmin\",\"image\":{\"@type\":\"ImageObject\",\"inLanguage\":\"fr-CA\",\"@id\":\"https:\\\/\\\/secure.gravatar.com\\\/avatar\\\/5cec006740d02494574351ebd09daf76d50359205188f2f5e3e29023e09b9152?s=96&d=mm&r=g\",\"url\":\"https:\\\/\\\/secure.gravatar.com\\\/avatar\\\/5cec006740d02494574351ebd09daf76d50359205188f2f5e3e29023e09b9152?s=96&d=mm&r=g\",\"contentUrl\":\"https:\\\/\\\/secure.gravatar.com\\\/avatar\\\/5cec006740d02494574351ebd09daf76d50359205188f2f5e3e29023e09b9152?s=96&d=mm&r=g\",\"caption\":\"logisqcadmin\"}}]}<\/script>\n<!-- \/ Yoast SEO plugin. -->","yoast_head_json":{"title":"Changement de fen\u00eatre : quand le faire, comment magasiner et acheter les bonnes fen\u00eatres? - LogisQu\u00e9bec","robots":{"index":"index","follow":"follow","max-snippet":"max-snippet:-1","max-image-preview":"max-image-preview:large","max-video-preview":"max-video-preview:-1"},"canonical":"https:\/\/www.logisquebec.com\/blog\/changement-de-fenetre-quand-le-faire-comment-magasiner-et-acheter-les-bonnes-fenetres\/","og_locale":"fr_CA","og_type":"article","og_title":"Changement de fen\u00eatre : quand le faire, comment magasiner et acheter les bonnes fen\u00eatres? - LogisQu\u00e9bec","og_description":"Vous envisagez un changement de fen\u00eatre avant d\u2019entamer l\u2019hiver et les basses temp\u00e9ratures de cette saison apr\u00e8s avoir endur\u00e9 les infiltrations d\u2019air d\u00e9sagr\u00e9ables et l\u2019apparition de bu\u00e9e? Si des probl\u00e8mes d\u2019efficacit\u00e9, d\u2019inconfort, d\u2019insonorisation ou encore d\u2019esth\u00e9tique s\u2019accumulent, il est recommand\u00e9 d\u2019effectuer votre changement de fen\u00eatre le plus rapidement possible pour un investissement b\u00e9n\u00e9fique \u00e0 long","og_url":"https:\/\/www.logisquebec.com\/blog\/changement-de-fenetre-quand-le-faire-comment-magasiner-et-acheter-les-bonnes-fenetres\/","og_site_name":"Le blogue d\u2019informations pratiques sur l\u2019immobilier au Qu\u00e9bec","article_published_time":"2019-03-19T16:33:33+00:00","og_image":[{"width":1500,"height":800,"url":"https:\/\/www.logisquebec.com\/blog\/wp-content\/uploads\/2019\/02\/iStock-840517406_publish.jpg","type":"image\/jpeg"}],"author":"logisqcadmin","twitter_card":"summary_large_image","twitter_misc":{"\u00c9crit par":"logisqcadmin","Estimation du temps de lecture":"5 minutes"},"schema":{"@context":"https:\/\/schema.org","@graph":[{"@type":"Article","@id":"https:\/\/www.logisquebec.com\/blog\/changement-de-fenetre-quand-le-faire-comment-magasiner-et-acheter-les-bonnes-fenetres\/#article","isPartOf":{"@id":"https:\/\/www.logisquebec.com\/blog\/changement-de-fenetre-quand-le-faire-comment-magasiner-et-acheter-les-bonnes-fenetres\/"},"author":{"name":"logisqcadmin","@id":"https:\/\/www.logisquebec.com\/blog\/#\/schema\/person\/485391ff3c1a74825d6cd81569a65fc1"},"headline":"Changement de fen\u00eatre : quand le faire, comment magasiner et acheter les bonnes fen\u00eatres?","datePublished":"2019-03-19T16:33:33+00:00","mainEntityOfPage":{"@id":"https:\/\/www.logisquebec.com\/blog\/changement-de-fenetre-quand-le-faire-comment-magasiner-et-acheter-les-bonnes-fenetres\/"},"wordCount":969,"image":{"@id":"https:\/\/www.logisquebec.com\/blog\/changement-de-fenetre-quand-le-faire-comment-magasiner-et-acheter-les-bonnes-fenetres\/#primaryimage"},"thumbnailUrl":"https:\/\/www.logisquebec.com\/blog\/wp-content\/uploads\/2019\/02\/iStock-840517406_publish.jpg","articleSection":["vente"],"inLanguage":"fr-CA"},{"@type":"WebPage","@id":"https:\/\/www.logisquebec.com\/blog\/changement-de-fenetre-quand-le-faire-comment-magasiner-et-acheter-les-bonnes-fenetres\/","url":"https:\/\/www.logisquebec.com\/blog\/changement-de-fenetre-quand-le-faire-comment-magasiner-et-acheter-les-bonnes-fenetres\/","name":"Changement de fen\u00eatre : quand le faire, comment magasiner et acheter les bonnes fen\u00eatres? - LogisQu\u00e9bec","isPartOf":{"@id":"https:\/\/www.logisquebec.com\/blog\/#website"},"primaryImageOfPage":{"@id":"https:\/\/www.logisquebec.com\/blog\/changement-de-fenetre-quand-le-faire-comment-magasiner-et-acheter-les-bonnes-fenetres\/#primaryimage"},"image":{"@id":"https:\/\/www.logisquebec.com\/blog\/changement-de-fenetre-quand-le-faire-comment-magasiner-et-acheter-les-bonnes-fenetres\/#primaryimage"},"thumbnailUrl":"https:\/\/www.logisquebec.com\/blog\/wp-content\/uploads\/2019\/02\/iStock-840517406_publish.jpg","datePublished":"2019-03-19T16:33:33+00:00","author":{"@id":"https:\/\/www.logisquebec.com\/blog\/#\/schema\/person\/485391ff3c1a74825d6cd81569a65fc1"},"breadcrumb":{"@id":"https:\/\/www.logisquebec.com\/blog\/changement-de-fenetre-quand-le-faire-comment-magasiner-et-acheter-les-bonnes-fenetres\/#breadcrumb"},"inLanguage":"fr-CA","potentialAction":[{"@type":"ReadAction","target":["https:\/\/www.logisquebec.com\/blog\/changement-de-fenetre-quand-le-faire-comment-magasiner-et-acheter-les-bonnes-fenetres\/"]}]},{"@type":"ImageObject","inLanguage":"fr-CA","@id":"https:\/\/www.logisquebec.com\/blog\/changement-de-fenetre-quand-le-faire-comment-magasiner-et-acheter-les-bonnes-fenetres\/#primaryimage","url":"https:\/\/www.logisquebec.com\/blog\/wp-content\/uploads\/2019\/02\/iStock-840517406_publish.jpg","contentUrl":"https:\/\/www.logisquebec.com\/blog\/wp-content\/uploads\/2019\/02\/iStock-840517406_publish.jpg","width":1500,"height":800,"caption":"Changement de fen\u00eatre"},{"@type":"BreadcrumbList","@id":"https:\/\/www.logisquebec.com\/blog\/changement-de-fenetre-quand-le-faire-comment-magasiner-et-acheter-les-bonnes-fenetres\/#breadcrumb","itemListElement":[{"@type":"ListItem","position":1,"name":"Accueil","item":"https:\/\/www.logisquebec.com\/blog\/"},{"@type":"ListItem","position":2,"name":"Changement de fen\u00eatre : quand le faire, comment magasiner et acheter les bonnes fen\u00eatres?"}]},{"@type":"WebSite","@id":"https:\/\/www.logisquebec.com\/blog\/#website","url":"https:\/\/www.logisquebec.com\/blog\/","name":"Le blogue d\u2019informations pratiques sur l\u2019immobilier au Qu\u00e9bec","description":"","potentialAction":[{"@type":"SearchAction","target":{"@type":"EntryPoint","urlTemplate":"https:\/\/www.logisquebec.com\/blog\/?s={search_term_string}"},"query-input":{"@type":"PropertyValueSpecification","valueRequired":true,"valueName":"search_term_string"}}],"inLanguage":"fr-CA"},{"@type":"Person","@id":"https:\/\/www.logisquebec.com\/blog\/#\/schema\/person\/485391ff3c1a74825d6cd81569a65fc1","name":"logisqcadmin","image":{"@type":"ImageObject","inLanguage":"fr-CA","@id":"https:\/\/secure.gravatar.com\/avatar\/5cec006740d02494574351ebd09daf76d50359205188f2f5e3e29023e09b9152?s=96&d=mm&r=g","url":"https:\/\/secure.gravatar.com\/avatar\/5cec006740d02494574351ebd09daf76d50359205188f2f5e3e29023e09b9152?s=96&d=mm&r=g","contentUrl":"https:\/\/secure.gravatar.com\/avatar\/5cec006740d02494574351ebd09daf76d50359205188f2f5e3e29023e09b9152?s=96&d=mm&r=g","caption":"logisqcadmin"}}]}},"_links":{"self":[{"href":"https:\/\/www.logisquebec.com\/blog\/wp-json\/wp\/v2\/posts\/395","targetHints":{"allow":["GET"]}}],"collection":[{"href":"https:\/\/www.logisquebec.com\/blog\/wp-json\/wp\/v2\/posts"}],"about":[{"href":"https:\/\/www.logisquebec.com\/blog\/wp-json\/wp\/v2\/types\/post"}],"author":[{"embeddable":true,"href":"https:\/\/www.logisquebec.com\/blog\/wp-json\/wp\/v2\/users\/1"}],"replies":[{"embeddable":true,"href":"https:\/\/www.logisquebec.com\/blog\/wp-json\/wp\/v2\/comments?post=395"}],"version-history":[{"count":3,"href":"https:\/\/www.logisquebec.com\/blog\/wp-json\/wp\/v2\/posts\/395\/revisions"}],"predecessor-version":[{"id":407,"href":"https:\/\/www.logisquebec.com\/blog\/wp-json\/wp\/v2\/posts\/395\/revisions\/407"}],"wp:featuredmedia":[{"embeddable":true,"href":"https:\/\/www.logisquebec.com\/blog\/wp-json\/wp\/v2\/media\/398"}],"wp:attachment":[{"href":"https:\/\/www.logisquebec.com\/blog\/wp-json\/wp\/v2\/media?parent=395"}],"wp:term":[{"taxonomy":"category","embeddable":true,"href":"https:\/\/www.logisquebec.com\/blog\/wp-json\/wp\/v2\/categories?post=395"},{"taxonomy":"post_tag","embeddable":true,"href":"https:\/\/www.logisquebec.com\/blog\/wp-json\/wp\/v2\/tags?post=395"}],"curies":[{"name":"wp","href":"https:\/\/api.w.org\/{rel}","templated":true}]}}