{"id":417,"date":"2019-04-03T15:02:36","date_gmt":"2019-04-03T15:02:36","guid":{"rendered":"https:\/\/www.logisquebec.com\/blog\/?p=417"},"modified":"2019-04-03T15:04:27","modified_gmt":"2019-04-03T15:04:27","slug":"amenagement-exterieur-comment-optimiser-son-espace","status":"publish","type":"post","link":"https:\/\/www.logisquebec.com\/blog\/amenagement-exterieur-comment-optimiser-son-espace\/","title":{"rendered":"Am\u00e9nagement ext\u00e9rieur : comment optimiser son espace\u2009?"},"content":{"rendered":"\n<p>Parce que tout le monde n&rsquo;a pas la chance de disposer d&rsquo;un grand jardin et d&rsquo;une spacieuse terrasse, certaines personnes doivent faire des efforts d&rsquo;am\u00e9nagement ext\u00e9rieur pour optimiser leur espace. Il existe heureusement de nombreuses solutions pour am\u00e9nager un petit espace ext\u00e9rieur rapidement et facilement afin de pouvoir en profiter pendant tous les beaux jours. <\/p>\n\n\n\n<p>Avant de commencer votre am\u00e9nagement ext\u00e9rieur, posez-vous les bonnes questions :<\/p>\n\n\n\n<ul class=\"wp-block-list\"><li>De quel type d&rsquo;espace avez-vous envie\u2009?<\/li><li> Quel style d\u00e9coratif souhaitez-vous donner \u00e0 votre espace ext\u00e9rieur\u2009?<\/li><li> Quelles fonctions doit remplir cet espace ext\u00e9rieur\u2009? <\/li><\/ul>\n\n\n\n<p>Le type d&rsquo;am\u00e9nagement d\u00e9pend notamment de la fonction que l&rsquo;on souhaite donner \u00e0 l&rsquo;espace ext\u00e9rieur. Il peut \u00eatre d&rsquo;abord un coin d\u00e9tente en prolongement de l&rsquo;int\u00e9rieur, un espace d\u00e9di\u00e9 aux plantes ou \u00e0 un potager ou encore un balcon pour vos repas en famille et au soleil.<\/p>\n\n\n\n<!--more-->\n\n\n\n<h3 class=\"wp-block-heading\">Les plantes grimpantes pour r\u00e9duire la perception d&rsquo;enfermement et gagner de l&rsquo;espace<\/h3>\n\n\n\n<p>Bien souvent, les petites terrasses et les espaces ext\u00e9rieurs personnels sont entour\u00e9s et s\u00e9par\u00e9s par des murs ou des cl\u00f4tures, ce qui les rend encore plus petits et m\u00eame parfois visuellement \u00e9touffants. Si c&rsquo;est le cas de votre espace ext\u00e9rieur, vous pouvez changer cette perception et gagner de l&rsquo;espace gr\u00e2ce aux plantes grimpantes notamment. <\/p>\n\n\n\n<p>Pour cela, plantez vos plantes grimpantes \u00e0 c\u00f4t\u00e9 de vos murs et laissez-les envelopper vos murs de leur texture verte et rafra\u00eechissante. La plante grimpante sur les murs permet de r\u00e9duire la perception de hauteur en s\u2019alliant visuellement avec les arbres hauts et elle permet \u00e9galement de mieux profiter du soleil dans votre petit jardin. Elle prend en effet moins de place et fait beaucoup moins d\u2019ombre que les massifs de fleurs ou encore que les pots de plantes montantes.<\/p>\n\n\n\n<p>Les plantes grimpantes sont une astuce pour cacher un mur grisonnant et aussi donner de la couleur \u00e0 vos murs. Selon l\u2019exposition de votre jardin, vous pourrez choisir du jasmin pour son puissant parfum, plusieurs esp\u00e8ces de ch\u00e8vrefeuilles dont les floraisons \u00e9chelonn\u00e9es pourront vous ravir jusqu\u2019en hiver, ou encore un lierre panach\u00e9 ou une vigne vierge pour leurs beaux feuillages qui fait flamboyer les murs de leurs belles couleurs.<\/p>\n\n\n\n<h3 class=\"wp-block-heading\">Cr\u00e9er un certain prolongement visuel de l\u2019espace int\u00e9rieur<\/h3>\n\n\n\n<p>Pour agrandir l\u2019espace ext\u00e9rieur et en m\u00eame temps cr\u00e9er une certaine harmonie, il est possible de faire en sorte que l\u2019int\u00e9rieur et l\u2019ext\u00e9rieur se prolongent l\u2019un et l\u2019autre. Pour cela, essayez de conserver un style identique entre la terrasse et la d\u00e9coration int\u00e9rieure. Un int\u00e9rieur de style scandinave par exemple se prolongera parfaitement avec une terrasse \u00e9pur\u00e9e alors qu\u2019un int\u00e9rieur de style boh\u00e8me ira de pair avec un ext\u00e9rieur champ\u00eatre et fleuri. Enfin, un style plus industriel pourra comporter le m\u00eame mobilier \u00e0 l\u2019int\u00e9rieur comme \u00e0 l\u2019ext\u00e9rieur.<\/p>\n\n\n\n<h3 class=\"wp-block-heading\">Faire en sorte que l\u2019espace soit un lieu de bien-\u00eatre<\/h3>\n\n\n\n<p>L\u2019optimisation de votre espace ext\u00e9rieur passe par la confection d\u2019un lieu de bien-\u00eatre ou il est possible de profiter de la belle saison en y prenant ses repas, en faisant la sieste ou encore en bouquinant. Pour cela, le choix est tr\u00e8s important. Pour le rev\u00eatement de sol de votre espace ext\u00e9rieur, pensez \u00e0 des mat\u00e9riaux dont la surface permet de marcher pieds nus par endroits par exemple. On pourra ainsi sortir et rentrer facilement sans avoir \u00e0 se chausser\/d\u00e9chausser. D\u2019autres \u00e9l\u00e9ments d\u2019am\u00e9nagement comme l\u2019\u00e9clairage avec des luminaires d\u2019ext\u00e9rieur, des \u00e9clairages solaires ou encore guirlandes lumineuses permettent d\u2019augmenter le ressenti de bien-\u00eatre dans des espaces ext\u00e9rieurs, soyez cr\u00e9atifs\u2009!<\/p>\n\n\n\n<h3 class=\"wp-block-heading\">Utiliser un mobilier modulable<\/h3>\n\n\n\n<p>Si votre espace ext\u00e9rieur est petit, vous pensez s\u00fbrement que cela vous oblige \u00e0 faire des choix entre tel ou tel mobilier. Cependant, pour rem\u00e9dier \u00e0 un choix difficile, pensez \u00e0 utiliser un mobilier modulable qui vous permet de profiter par exemple \u00e0 la fois d\u2019un salon d\u2019ext\u00e9rieur et d\u2019un coin repas. De nombreux mod\u00e8les de mobiliers modulables sont propos\u00e9s sur le march\u00e9 de la terrasse et du balcon. On retrouve entre autres des tables pliantes qui se suspendent aux rambardes ou encore des coffres faisant \u00e9galement office de si\u00e8ge pour ranger le mat\u00e9riel de jardinage et s\u2019asseoir confortablement.<\/p>\n\n\n\n<h3 class=\"wp-block-heading\">Le potager vertical et suspendu<\/h3>\n\n\n\n<p>Les bacs et petits pots en hauteur, ainsi que les structures de potager vertical ou encore les arceaux sont d\u2019autres solutions \u00e0 envisager pour optimiser votre espace de jardin. N\u2019h\u00e9sitez pas \u00e0 accrocher une ribambelle de pots \u00e0 un treillage fix\u00e9 sur votre fa\u00e7ade de maison. La surface v\u00e9g\u00e9talis\u00e9e prendra de l\u2019ampleur petit \u00e0 petit habillant votre fa\u00e7ade. Le nombre de plantes que l\u2019on peut choisir dans la gamme des vivaces, des l\u00e9gumes, des aromates et des plantes est tr\u00e8s large. Pr\u00e9f\u00e9rez par contre les pots, bacs et mobiliers tr\u00e8s l\u00e9gers pour ne pas porter trop de poids sur votre fa\u00e7ade. Les v\u00e9g\u00e9taux qui r\u00e9sistent \u00e0 tout type d\u2019intemp\u00e9ries (gel, neige, pluie, soleil br\u00fblant et s\u00e9cheresse) ainsi qu\u2019\u00e0 la pollution sont les plus int\u00e9ressants, car ils resteront toute l\u2019ann\u00e9e dehors, vous \u00e9vitant ainsi de devoir tout d\u00e9sinstaller avant l\u2019hiver.<\/p>\n\n\n\n<h3 class=\"wp-block-heading\">Optimiser l\u2019espace ne veut pas dire que vous devez faire l\u2019impasse sur la d\u00e9coration<\/h3>\n\n\n\n<p>Favorisez les petits \u00e9l\u00e9ments d\u00e9coratifs pour optimiser votre espace ext\u00e9rieur. Les bougies, les lampions pos\u00e9s sur des \u00e9tag\u00e8res et des suspensions peuvent apporter un peu de couleur et de chaleur \u00e0 votre espace tout en \u00e9vitant de le surcharger. Pour donner une impression d\u2019\u00e9largissement de votre jardin et espace ext\u00e9rieur, vous pouvez aussi utiliser des miroirs plac\u00e9s strat\u00e9giquement. Un grand miroir couvrant le mur du fond de votre jardin sur toute sa hauteur est une bonne astuce pour ouvrir l\u2019espace.<br><\/p>\n","protected":false},"excerpt":{"rendered":"<p>Parce que tout le monde n&rsquo;a pas la chance de disposer d&rsquo;un grand jardin et d&rsquo;une spacieuse terrasse, certaines personnes doivent faire des efforts d&rsquo;am\u00e9nagement ext\u00e9rieur pour optimiser leur espace. Il existe heureusement de nombreuses solutions pour am\u00e9nager un petit espace ext\u00e9rieur rapidement et facilement afin de pouvoir en profiter pendant tous les beaux jours.<\/p>\n","protected":false},"author":1,"featured_media":421,"comment_status":"closed","ping_status":"open","sticky":false,"template":"","format":"standard","meta":{"footnotes":""},"categories":[2],"tags":[],"class_list":{"0":"post-417","1":"post","2":"type-post","3":"status-publish","4":"format-standard","5":"has-post-thumbnail","7":"category-location"},"yoast_head":"<!-- This site is optimized with the Yoast SEO plugin v27.5 - https:\/\/yoast.com\/product\/yoast-seo-wordpress\/ -->\n<title>Am\u00e9nagement ext\u00e9rieur : comment optimiser son espace\u2009? - LogisQu\u00e9bec<\/title>\n<meta name=\"description\" content=\"Parce que tout le monde n\u2019a pas la chance de disposer d\u2019un grand jardin, il existe heureusement des solutions pour am\u00e9nager un petit espace ext\u00e9rieur.\" \/>\n<meta name=\"robots\" content=\"index, follow, max-snippet:-1, max-image-preview:large, max-video-preview:-1\" \/>\n<link rel=\"canonical\" href=\"https:\/\/www.logisquebec.com\/blog\/amenagement-exterieur-comment-optimiser-son-espace\/\" \/>\n<meta property=\"og:locale\" content=\"fr_CA\" \/>\n<meta property=\"og:type\" content=\"article\" \/>\n<meta property=\"og:title\" content=\"Am\u00e9nagement ext\u00e9rieur : comment optimiser son espace\u2009? - LogisQu\u00e9bec\" \/>\n<meta property=\"og:description\" content=\"Parce que tout le monde n\u2019a pas la chance de disposer d\u2019un grand jardin, il existe heureusement des solutions pour am\u00e9nager un petit espace ext\u00e9rieur.\" \/>\n<meta property=\"og:url\" content=\"https:\/\/www.logisquebec.com\/blog\/amenagement-exterieur-comment-optimiser-son-espace\/\" \/>\n<meta property=\"og:site_name\" content=\"Le blogue d\u2019informations pratiques sur l\u2019immobilier au Qu\u00e9bec\" \/>\n<meta property=\"article:published_time\" content=\"2019-04-03T15:02:36+00:00\" \/>\n<meta property=\"article:modified_time\" content=\"2019-04-03T15:04:27+00:00\" \/>\n<meta property=\"og:image\" content=\"https:\/\/www.logisquebec.com\/blog\/wp-content\/uploads\/2019\/03\/iStock-951214098_publish.jpg\" \/>\n\t<meta property=\"og:image:width\" content=\"1500\" \/>\n\t<meta property=\"og:image:height\" content=\"800\" \/>\n\t<meta property=\"og:image:type\" content=\"image\/jpeg\" \/>\n<meta name=\"author\" content=\"logisqcadmin\" \/>\n<meta name=\"twitter:card\" content=\"summary_large_image\" \/>\n<meta name=\"twitter:label1\" content=\"\u00c9crit par\" \/>\n\t<meta name=\"twitter:data1\" content=\"logisqcadmin\" \/>\n\t<meta name=\"twitter:label2\" content=\"Estimation du temps de lecture\" \/>\n\t<meta name=\"twitter:data2\" content=\"5 minutes\" \/>\n<script type=\"application\/ld+json\" class=\"yoast-schema-graph\">{\"@context\":\"https:\\\/\\\/schema.org\",\"@graph\":[{\"@type\":\"Article\",\"@id\":\"https:\\\/\\\/www.logisquebec.com\\\/blog\\\/amenagement-exterieur-comment-optimiser-son-espace\\\/#article\",\"isPartOf\":{\"@id\":\"https:\\\/\\\/www.logisquebec.com\\\/blog\\\/amenagement-exterieur-comment-optimiser-son-espace\\\/\"},\"author\":{\"name\":\"logisqcadmin\",\"@id\":\"https:\\\/\\\/www.logisquebec.com\\\/blog\\\/#\\\/schema\\\/person\\\/485391ff3c1a74825d6cd81569a65fc1\"},\"headline\":\"Am\u00e9nagement ext\u00e9rieur : comment optimiser son espace\u2009?\",\"datePublished\":\"2019-04-03T15:02:36+00:00\",\"dateModified\":\"2019-04-03T15:04:27+00:00\",\"mainEntityOfPage\":{\"@id\":\"https:\\\/\\\/www.logisquebec.com\\\/blog\\\/amenagement-exterieur-comment-optimiser-son-espace\\\/\"},\"wordCount\":1044,\"image\":{\"@id\":\"https:\\\/\\\/www.logisquebec.com\\\/blog\\\/amenagement-exterieur-comment-optimiser-son-espace\\\/#primaryimage\"},\"thumbnailUrl\":\"https:\\\/\\\/www.logisquebec.com\\\/blog\\\/wp-content\\\/uploads\\\/2019\\\/03\\\/iStock-951214098_publish.jpg\",\"articleSection\":[\"location\"],\"inLanguage\":\"fr-CA\"},{\"@type\":\"WebPage\",\"@id\":\"https:\\\/\\\/www.logisquebec.com\\\/blog\\\/amenagement-exterieur-comment-optimiser-son-espace\\\/\",\"url\":\"https:\\\/\\\/www.logisquebec.com\\\/blog\\\/amenagement-exterieur-comment-optimiser-son-espace\\\/\",\"name\":\"Am\u00e9nagement ext\u00e9rieur : comment optimiser son espace\u2009? - LogisQu\u00e9bec\",\"isPartOf\":{\"@id\":\"https:\\\/\\\/www.logisquebec.com\\\/blog\\\/#website\"},\"primaryImageOfPage\":{\"@id\":\"https:\\\/\\\/www.logisquebec.com\\\/blog\\\/amenagement-exterieur-comment-optimiser-son-espace\\\/#primaryimage\"},\"image\":{\"@id\":\"https:\\\/\\\/www.logisquebec.com\\\/blog\\\/amenagement-exterieur-comment-optimiser-son-espace\\\/#primaryimage\"},\"thumbnailUrl\":\"https:\\\/\\\/www.logisquebec.com\\\/blog\\\/wp-content\\\/uploads\\\/2019\\\/03\\\/iStock-951214098_publish.jpg\",\"datePublished\":\"2019-04-03T15:02:36+00:00\",\"dateModified\":\"2019-04-03T15:04:27+00:00\",\"author\":{\"@id\":\"https:\\\/\\\/www.logisquebec.com\\\/blog\\\/#\\\/schema\\\/person\\\/485391ff3c1a74825d6cd81569a65fc1\"},\"description\":\"Parce que tout le monde n\u2019a pas la chance de disposer d\u2019un grand jardin, il existe heureusement des solutions pour am\u00e9nager un petit espace ext\u00e9rieur.\",\"breadcrumb\":{\"@id\":\"https:\\\/\\\/www.logisquebec.com\\\/blog\\\/amenagement-exterieur-comment-optimiser-son-espace\\\/#breadcrumb\"},\"inLanguage\":\"fr-CA\",\"potentialAction\":[{\"@type\":\"ReadAction\",\"target\":[\"https:\\\/\\\/www.logisquebec.com\\\/blog\\\/amenagement-exterieur-comment-optimiser-son-espace\\\/\"]}]},{\"@type\":\"ImageObject\",\"inLanguage\":\"fr-CA\",\"@id\":\"https:\\\/\\\/www.logisquebec.com\\\/blog\\\/amenagement-exterieur-comment-optimiser-son-espace\\\/#primaryimage\",\"url\":\"https:\\\/\\\/www.logisquebec.com\\\/blog\\\/wp-content\\\/uploads\\\/2019\\\/03\\\/iStock-951214098_publish.jpg\",\"contentUrl\":\"https:\\\/\\\/www.logisquebec.com\\\/blog\\\/wp-content\\\/uploads\\\/2019\\\/03\\\/iStock-951214098_publish.jpg\",\"width\":1500,\"height\":800,\"caption\":\"Am\u00e9nagement ext\u00e9rieur\"},{\"@type\":\"BreadcrumbList\",\"@id\":\"https:\\\/\\\/www.logisquebec.com\\\/blog\\\/amenagement-exterieur-comment-optimiser-son-espace\\\/#breadcrumb\",\"itemListElement\":[{\"@type\":\"ListItem\",\"position\":1,\"name\":\"Accueil\",\"item\":\"https:\\\/\\\/www.logisquebec.com\\\/blog\\\/\"},{\"@type\":\"ListItem\",\"position\":2,\"name\":\"Am\u00e9nagement ext\u00e9rieur : comment optimiser son espace\u2009?\"}]},{\"@type\":\"WebSite\",\"@id\":\"https:\\\/\\\/www.logisquebec.com\\\/blog\\\/#website\",\"url\":\"https:\\\/\\\/www.logisquebec.com\\\/blog\\\/\",\"name\":\"Le blogue d\u2019informations pratiques sur l\u2019immobilier au Qu\u00e9bec\",\"description\":\"\",\"potentialAction\":[{\"@type\":\"SearchAction\",\"target\":{\"@type\":\"EntryPoint\",\"urlTemplate\":\"https:\\\/\\\/www.logisquebec.com\\\/blog\\\/?s={search_term_string}\"},\"query-input\":{\"@type\":\"PropertyValueSpecification\",\"valueRequired\":true,\"valueName\":\"search_term_string\"}}],\"inLanguage\":\"fr-CA\"},{\"@type\":\"Person\",\"@id\":\"https:\\\/\\\/www.logisquebec.com\\\/blog\\\/#\\\/schema\\\/person\\\/485391ff3c1a74825d6cd81569a65fc1\",\"name\":\"logisqcadmin\",\"image\":{\"@type\":\"ImageObject\",\"inLanguage\":\"fr-CA\",\"@id\":\"https:\\\/\\\/secure.gravatar.com\\\/avatar\\\/5cec006740d02494574351ebd09daf76d50359205188f2f5e3e29023e09b9152?s=96&d=mm&r=g\",\"url\":\"https:\\\/\\\/secure.gravatar.com\\\/avatar\\\/5cec006740d02494574351ebd09daf76d50359205188f2f5e3e29023e09b9152?s=96&d=mm&r=g\",\"contentUrl\":\"https:\\\/\\\/secure.gravatar.com\\\/avatar\\\/5cec006740d02494574351ebd09daf76d50359205188f2f5e3e29023e09b9152?s=96&d=mm&r=g\",\"caption\":\"logisqcadmin\"}}]}<\/script>\n<!-- \/ Yoast SEO plugin. -->","yoast_head_json":{"title":"Am\u00e9nagement ext\u00e9rieur : comment optimiser son espace\u2009? - LogisQu\u00e9bec","description":"Parce que tout le monde n\u2019a pas la chance de disposer d\u2019un grand jardin, il existe heureusement des solutions pour am\u00e9nager un petit espace ext\u00e9rieur.","robots":{"index":"index","follow":"follow","max-snippet":"max-snippet:-1","max-image-preview":"max-image-preview:large","max-video-preview":"max-video-preview:-1"},"canonical":"https:\/\/www.logisquebec.com\/blog\/amenagement-exterieur-comment-optimiser-son-espace\/","og_locale":"fr_CA","og_type":"article","og_title":"Am\u00e9nagement ext\u00e9rieur : comment optimiser son espace\u2009? - LogisQu\u00e9bec","og_description":"Parce que tout le monde n\u2019a pas la chance de disposer d\u2019un grand jardin, il existe heureusement des solutions pour am\u00e9nager un petit espace ext\u00e9rieur.","og_url":"https:\/\/www.logisquebec.com\/blog\/amenagement-exterieur-comment-optimiser-son-espace\/","og_site_name":"Le blogue d\u2019informations pratiques sur l\u2019immobilier au Qu\u00e9bec","article_published_time":"2019-04-03T15:02:36+00:00","article_modified_time":"2019-04-03T15:04:27+00:00","og_image":[{"width":1500,"height":800,"url":"https:\/\/www.logisquebec.com\/blog\/wp-content\/uploads\/2019\/03\/iStock-951214098_publish.jpg","type":"image\/jpeg"}],"author":"logisqcadmin","twitter_card":"summary_large_image","twitter_misc":{"\u00c9crit par":"logisqcadmin","Estimation du temps de lecture":"5 minutes"},"schema":{"@context":"https:\/\/schema.org","@graph":[{"@type":"Article","@id":"https:\/\/www.logisquebec.com\/blog\/amenagement-exterieur-comment-optimiser-son-espace\/#article","isPartOf":{"@id":"https:\/\/www.logisquebec.com\/blog\/amenagement-exterieur-comment-optimiser-son-espace\/"},"author":{"name":"logisqcadmin","@id":"https:\/\/www.logisquebec.com\/blog\/#\/schema\/person\/485391ff3c1a74825d6cd81569a65fc1"},"headline":"Am\u00e9nagement ext\u00e9rieur : comment optimiser son espace\u2009?","datePublished":"2019-04-03T15:02:36+00:00","dateModified":"2019-04-03T15:04:27+00:00","mainEntityOfPage":{"@id":"https:\/\/www.logisquebec.com\/blog\/amenagement-exterieur-comment-optimiser-son-espace\/"},"wordCount":1044,"image":{"@id":"https:\/\/www.logisquebec.com\/blog\/amenagement-exterieur-comment-optimiser-son-espace\/#primaryimage"},"thumbnailUrl":"https:\/\/www.logisquebec.com\/blog\/wp-content\/uploads\/2019\/03\/iStock-951214098_publish.jpg","articleSection":["location"],"inLanguage":"fr-CA"},{"@type":"WebPage","@id":"https:\/\/www.logisquebec.com\/blog\/amenagement-exterieur-comment-optimiser-son-espace\/","url":"https:\/\/www.logisquebec.com\/blog\/amenagement-exterieur-comment-optimiser-son-espace\/","name":"Am\u00e9nagement ext\u00e9rieur : comment optimiser son espace\u2009? - LogisQu\u00e9bec","isPartOf":{"@id":"https:\/\/www.logisquebec.com\/blog\/#website"},"primaryImageOfPage":{"@id":"https:\/\/www.logisquebec.com\/blog\/amenagement-exterieur-comment-optimiser-son-espace\/#primaryimage"},"image":{"@id":"https:\/\/www.logisquebec.com\/blog\/amenagement-exterieur-comment-optimiser-son-espace\/#primaryimage"},"thumbnailUrl":"https:\/\/www.logisquebec.com\/blog\/wp-content\/uploads\/2019\/03\/iStock-951214098_publish.jpg","datePublished":"2019-04-03T15:02:36+00:00","dateModified":"2019-04-03T15:04:27+00:00","author":{"@id":"https:\/\/www.logisquebec.com\/blog\/#\/schema\/person\/485391ff3c1a74825d6cd81569a65fc1"},"description":"Parce que tout le monde n\u2019a pas la chance de disposer d\u2019un grand jardin, il existe heureusement des solutions pour am\u00e9nager un petit espace ext\u00e9rieur.","breadcrumb":{"@id":"https:\/\/www.logisquebec.com\/blog\/amenagement-exterieur-comment-optimiser-son-espace\/#breadcrumb"},"inLanguage":"fr-CA","potentialAction":[{"@type":"ReadAction","target":["https:\/\/www.logisquebec.com\/blog\/amenagement-exterieur-comment-optimiser-son-espace\/"]}]},{"@type":"ImageObject","inLanguage":"fr-CA","@id":"https:\/\/www.logisquebec.com\/blog\/amenagement-exterieur-comment-optimiser-son-espace\/#primaryimage","url":"https:\/\/www.logisquebec.com\/blog\/wp-content\/uploads\/2019\/03\/iStock-951214098_publish.jpg","contentUrl":"https:\/\/www.logisquebec.com\/blog\/wp-content\/uploads\/2019\/03\/iStock-951214098_publish.jpg","width":1500,"height":800,"caption":"Am\u00e9nagement ext\u00e9rieur"},{"@type":"BreadcrumbList","@id":"https:\/\/www.logisquebec.com\/blog\/amenagement-exterieur-comment-optimiser-son-espace\/#breadcrumb","itemListElement":[{"@type":"ListItem","position":1,"name":"Accueil","item":"https:\/\/www.logisquebec.com\/blog\/"},{"@type":"ListItem","position":2,"name":"Am\u00e9nagement ext\u00e9rieur : comment optimiser son espace\u2009?"}]},{"@type":"WebSite","@id":"https:\/\/www.logisquebec.com\/blog\/#website","url":"https:\/\/www.logisquebec.com\/blog\/","name":"Le blogue d\u2019informations pratiques sur l\u2019immobilier au Qu\u00e9bec","description":"","potentialAction":[{"@type":"SearchAction","target":{"@type":"EntryPoint","urlTemplate":"https:\/\/www.logisquebec.com\/blog\/?s={search_term_string}"},"query-input":{"@type":"PropertyValueSpecification","valueRequired":true,"valueName":"search_term_string"}}],"inLanguage":"fr-CA"},{"@type":"Person","@id":"https:\/\/www.logisquebec.com\/blog\/#\/schema\/person\/485391ff3c1a74825d6cd81569a65fc1","name":"logisqcadmin","image":{"@type":"ImageObject","inLanguage":"fr-CA","@id":"https:\/\/secure.gravatar.com\/avatar\/5cec006740d02494574351ebd09daf76d50359205188f2f5e3e29023e09b9152?s=96&d=mm&r=g","url":"https:\/\/secure.gravatar.com\/avatar\/5cec006740d02494574351ebd09daf76d50359205188f2f5e3e29023e09b9152?s=96&d=mm&r=g","contentUrl":"https:\/\/secure.gravatar.com\/avatar\/5cec006740d02494574351ebd09daf76d50359205188f2f5e3e29023e09b9152?s=96&d=mm&r=g","caption":"logisqcadmin"}}]}},"_links":{"self":[{"href":"https:\/\/www.logisquebec.com\/blog\/wp-json\/wp\/v2\/posts\/417","targetHints":{"allow":["GET"]}}],"collection":[{"href":"https:\/\/www.logisquebec.com\/blog\/wp-json\/wp\/v2\/posts"}],"about":[{"href":"https:\/\/www.logisquebec.com\/blog\/wp-json\/wp\/v2\/types\/post"}],"author":[{"embeddable":true,"href":"https:\/\/www.logisquebec.com\/blog\/wp-json\/wp\/v2\/users\/1"}],"replies":[{"embeddable":true,"href":"https:\/\/www.logisquebec.com\/blog\/wp-json\/wp\/v2\/comments?post=417"}],"version-history":[{"count":3,"href":"https:\/\/www.logisquebec.com\/blog\/wp-json\/wp\/v2\/posts\/417\/revisions"}],"predecessor-version":[{"id":420,"href":"https:\/\/www.logisquebec.com\/blog\/wp-json\/wp\/v2\/posts\/417\/revisions\/420"}],"wp:featuredmedia":[{"embeddable":true,"href":"https:\/\/www.logisquebec.com\/blog\/wp-json\/wp\/v2\/media\/421"}],"wp:attachment":[{"href":"https:\/\/www.logisquebec.com\/blog\/wp-json\/wp\/v2\/media?parent=417"}],"wp:term":[{"taxonomy":"category","embeddable":true,"href":"https:\/\/www.logisquebec.com\/blog\/wp-json\/wp\/v2\/categories?post=417"},{"taxonomy":"post_tag","embeddable":true,"href":"https:\/\/www.logisquebec.com\/blog\/wp-json\/wp\/v2\/tags?post=417"}],"curies":[{"name":"wp","href":"https:\/\/api.w.org\/{rel}","templated":true}]}}