{"id":474,"date":"2019-10-23T14:51:25","date_gmt":"2019-10-23T14:51:25","guid":{"rendered":"https:\/\/www.logisquebec.com\/blog\/?p=474"},"modified":"2021-02-26T15:39:26","modified_gmt":"2021-02-26T15:39:26","slug":"portrait-de-quartier-hochelaga-maisonneuve","status":"publish","type":"post","link":"https:\/\/www.logisquebec.com\/blog\/portrait-de-quartier-hochelaga-maisonneuve\/","title":{"rendered":"Portrait de quartier : Hochelaga-Maisonneuve"},"content":{"rendered":"\n<p>Saviez-vous que Hochelaga provient du nom d&rsquo;un village iroquoien d\u00e9couvert pr\u00e8s du mont Royal par Jacques Cartier en 1535 ? S\u2019\u00e9tendant de la rue d&rsquo;Iberville jusqu\u2019au quartier Longue-Pointe, le quartier \u00e0 vocation principalement r\u00e9sidentielle ne cesse de se r\u00e9inventer et de se diversifier. Autrefois quartier des manufactures montr\u00e9alaises et donc habit\u00e9 principalement par des ouvriers, <a href=\"https:\/\/www.logisquebec.com\/a-louer\/ile-de-montreal\/mercier_hochelaga-maisonneuve\">Hochelaga-Maisonneuve<\/a> s\u2019est, depuis les ann\u00e9es 2000 bien gentrifi\u00e9 bien qu\u2019il reste un quartier familial, jeune et bon march\u00e9. <\/p>\n\n\n\n<h2 class=\"wp-block-heading\">Comme un petit village tout pr\u00e8s du centre-ville<\/h2>\n\n\n\n<p>Ce que l\u2019on entend dire de Hochelaga-Maisonneuve aussi nomm\u00e9 HOMA par ses habitants est en premier lieu que ce quartier est semblable \u00e0 un petit village. On retrouve en effet dans le quartier l\u2019atmosph\u00e8re, l\u2019ambiance et le sentiment de communaut\u00e9 d\u2019une vie dans un village qu\u00e9b\u00e9cois de r\u00e9gion. Le quartier se d\u00e9marque vraiment aussi des autres endroits de Montr\u00e9al par son grand niveau d\u2019entraide et de mobilisation citoyenne reconnu par tous. \u00c0 Hochelaga, on aide les personnes les plus d\u00e9munies \u00e0 se sortir de mauvaises situations. Chaleureux et naturellement agr\u00e9ables, les habitants du quartier ne l\u2019ont pour certains jamais quitt\u00e9 ! Dans Hochelaga-Maisonneuve, on retrouve aussi une ambiance de quartier de par sa configuration avec plusieurs petites rues fleuries ou encore des bo\u00eetes de livres \u00e0 emporter. Pour sociabiliser avec sa communaut\u00e9, dans Hochelaga-Maisonneuve, on peut se rendre entre autres \u00e0 la maison de la culture o\u00f9 sont souvent organis\u00e9es de charmantes soir\u00e9es cin\u00e9ma, musique ou danse ouvertes \u00e0 tous. Pour profiter du beau temps, il y a dans le quartier, le parc Maisonneuve o\u00f9 vous pouvez notamment pique-niquer l\u2019un des mets que vous vous serez procur\u00e9s au march\u00e9 Maisonneuve tout pr\u00e8s du parc. Enfin, le petit village et quartier d\u2019Hochelaga est tout proche du centre-ville qu\u2019il est possible de rejoindre en transport en commun en moins de 15 minutes.<\/p>\n\n\n\n<!--more-->\n\n\n\n<h2 class=\"wp-block-heading\">Qui vit \u00e0 Hochelaga-Maisonneuve ?<\/h2>\n\n\n\n<p>Hochelaga-Maisonneuve est et \u00e0 toujours \u00e9t\u00e9 un arrondissement en mouvement ou la population est relativement plus jeune que dans les autres quartiers montr\u00e9alais. Si l\u2019\u00e2ge m\u00e9dian \u00e0 Montr\u00e9al est d\u2019environ 39 ans, \u00e0 Hochelaga, l\u2019\u00e2ge m\u00e9dian se situe \u00e0 35,5 ans ! La population d\u2019Hochelaga-Maisonneuve est notamment l\u2019une des plus jeunes au Qu\u00e9bec. Le quartier Hochelaga-Maisonneuve est \u00e9galement habit\u00e9 par r\u00e9sidents vivant majoritairement seuls. On retrouve beaucoup plus de familles monoparentales qu\u2019ailleurs et particuli\u00e8rement plus de femmes \u00e9levant seules leurs enfants que dans la moyenne g\u00e9n\u00e9rale au Qu\u00e9bec. <\/p>\n\n\n\n<p>M\u00eame s\u2019il s\u2019est embourgeois\u00e9, Hochelaga-Maisonneuve est le quartier de Montr\u00e9al qui compte le plus grand nombre de familles gagnant un revenu annuel de moins de 40 000 $. Il se classe alors au deuxi\u00e8me rang qu\u00e9b\u00e9cois apr\u00e8s le quartier Jean-Lesage \u00e0 avoir des habitants dans cette situation financi\u00e8re. Plus pauvre que dans les autres quartiers de la ville de Montr\u00e9al, les habitants de Hochelaga-Maisonneuve sont proportionnellement plus locataires que propri\u00e9taires et ils utilisent plus les transports en commun que partout ailleurs au Qu\u00e9bec. On trouve de nombreuses lignes de bus passant \u00e0 Hochelaga, mais aussi les arr\u00eats de m\u00e9tro Viau, Pie IX, Cadillac et Pr\u00e9fontaine. Si vous cherchez une place de stationnement, vous \u00eates alors pratiquement certain d\u2019en trouver facilement dans ce quartier ! <\/p>\n\n\n\n<p>M\u00eame s\u2019il s\u2019est embourgeois\u00e9, Hochelaga-Maisonneuve est le quartier de Montr\u00e9al qui compte le plus grand nombre de familles gagnant un revenu annuel de moins de 40 000 $. Il se classe alors au deuxi\u00e8me rang qu\u00e9b\u00e9cois apr\u00e8s le quartier Jean-Lesage \u00e0 avoir des habitants dans cette situation financi\u00e8re. Plus pauvre que dans les autres quartiers de la ville de Montr\u00e9al, les habitants de Hochelaga-Maisonneuve sont proportionnellement plus locataires que propri\u00e9taires et ils utilisent plus les transports en commun que partout ailleurs au Qu\u00e9bec. On trouve de nombreuses lignes de bus passant \u00e0 Hochelaga, mais aussi les arr\u00eats de m\u00e9tro Viau, Pie IX, Cadillac et Pr\u00e9fontaine. Si vous cherchez une place de stationnement, vous \u00eates alors pratiquement certain d\u2019en trouver facilement dans ce quartier ! <\/p>\n\n\n\n<h2 class=\"wp-block-heading\">Les belles choses et attraits du quartier Hochelaga-Maisonneuve<\/h2>\n\n\n\n<p>Si vous \u00eates une personne soucieuse de l\u2019environnement et donc de votre impact sur la plan\u00e8te, Hochelaga-Maisonneuve est un des quartiers de Montr\u00e9al qui vous ira comme un gant. Hochelaga-Maisonneuve regorge en effet de boutiques \u00e9colos et branch\u00e9es o\u00f9 l&rsquo;on vend des aliments biologiques et respectueux de l\u2019environnement, des produits locaux, des aliments sans emballages, des aliments v\u00e9g\u00e9tariens ou encore v\u00e9g\u00e9taliens. Lorsque vous habitez \u00e0 Hochelaga-Maisonneuve, il est alors bien ais\u00e9 et tenant de devenir plus \u00e9colo. \u00c0 HOMA (pour les intimes), on trouve \u00e9galement une tr\u00e8s belle architecture bien pr\u00e9serv\u00e9e qui est donc une architecture qui nous raconte l\u2019histoire francophone de Montr\u00e9al et du Qu\u00e9bec au fur et \u00e0 mesure que l\u2019on traverse le quartier. Si vous habitez Hochelaga-Maisonneuve, vous avez \u00e9galement la chance d\u2019\u00eatre situ\u00e9 \u00e0 deux pas de l\u2019Impact de Montr\u00e9al pour les amoureux du football, mais aussi \u00e0 une tr\u00e8s courte distance de marche du sublime jardin des plantes de Montr\u00e9al. Enfin, on ne manque pas de commerces dans le quartier puisque l\u2019organisme \u201cLes Promenades Hochelaga-Maisonneuve\u201d regroupe pas moins de 300 commerces sur les rues Ontario et Sainte-Catherine notamment.<\/p>\n\n\n\n<p>Les meilleurs atouts de HOMA :<\/p>\n\n\n\n<ul class=\"wp-block-list\"><li>Le <strong>stade olympique<\/strong> qui vous fait revivre la magie des Jeux olympiques de 1976.<\/li><li> Le paradis de nature qu\u2019est le <strong>Jardin botanique<\/strong>.<\/li><li> Les d\u00e9lices abordables et produits locaux du <strong>march\u00e9 Maisonneuve<\/strong>.<\/li><li> Les bibittes exotiques du <strong>Biod\u00f4me<\/strong>.<\/li><li> Le beau <strong>ch\u00e2teau Dufresne<\/strong> de style Beaux-arts.<\/li><li> La charmante <strong>rue Masson<\/strong> qui est l\u2019art\u00e8re commerciale anim\u00e9e du Vieux-Rosemont.<\/li><\/ul>\n\n\n\n<p>Dans le quartier Hochelaga, il vous faut aussi savoir que le co\u00fbt d\u2019un logement pour les locataires est beaucoup moins important que dans la plupart des autres quartiers de la m\u00e9tropole qu\u00e9b\u00e9coise. C\u2019est alors un quartier anim\u00e9, agr\u00e9able, ou il fait bon vivre en famille ou encore pour une vie active \u00e0 moindre co\u00fbt.<\/p>\n\n\n\n<p><strong>Dans la s\u00e9rie Portrait de quartier :<\/strong><\/p>\n\n\n\n<ul class=\"wp-block-list\"><li><a href=\"https:\/\/www.logisquebec.com\/blog\/portrait-de-quartier-la-cite-limoilou\/\">La Cit\u00e9 Limoilou<\/a><\/li><li><a href=\"https:\/\/www.logisquebec.com\/blog\/portrait-de-quartier-villeray-parc-extension\/\">Villeray Parc-Extention<\/a><\/li><li><a href=\"https:\/\/www.logisquebec.com\/blog\/portrait-de-quartier-plateau-mont-royal\/\">Le Plateau Mont-Royal<\/a><\/li><li><a href=\"https:\/\/www.logisquebec.com\/blog\/portrait-de-quartier-rosemont-la-petite-patrie\/\">Rosemont-La-Petite-Patrie<\/a><\/li><li><a href=\"https:\/\/www.logisquebec.com\/blog\/portrait-de-quartier-quebec-sainte-foy-sillery\/\">Qu\u00e9bec Sainte-Foy\/Sillery<\/a><\/li><\/ul>\n\n\n\n<p><\/p>\n","protected":false},"excerpt":{"rendered":"<p>Saviez-vous que Hochelaga provient du nom d&rsquo;un village iroquoien d\u00e9couvert pr\u00e8s du mont Royal par Jacques Cartier en 1535 ? S\u2019\u00e9tendant de la rue d&rsquo;Iberville jusqu\u2019au quartier Longue-Pointe, le quartier \u00e0 vocation principalement r\u00e9sidentielle ne cesse de se r\u00e9inventer et de se diversifier. Autrefois quartier des manufactures montr\u00e9alaises et donc habit\u00e9 principalement par des ouvriers,<\/p>\n","protected":false},"author":1,"featured_media":491,"comment_status":"closed","ping_status":"open","sticky":false,"template":"","format":"standard","meta":{"footnotes":""},"categories":[2],"tags":[],"class_list":{"0":"post-474","1":"post","2":"type-post","3":"status-publish","4":"format-standard","5":"has-post-thumbnail","7":"category-location"},"yoast_head":"<!-- This site is optimized with the Yoast SEO plugin v27.5 - https:\/\/yoast.com\/product\/yoast-seo-wordpress\/ -->\n<title>Portrait de quartier : Hochelaga-Maisonneuve - LogisQu\u00e9bec<\/title>\n<meta name=\"robots\" content=\"index, follow, max-snippet:-1, max-image-preview:large, max-video-preview:-1\" \/>\n<link rel=\"canonical\" href=\"https:\/\/www.logisquebec.com\/blog\/portrait-de-quartier-hochelaga-maisonneuve\/\" \/>\n<meta property=\"og:locale\" content=\"fr_CA\" \/>\n<meta property=\"og:type\" content=\"article\" \/>\n<meta property=\"og:title\" content=\"Portrait de quartier : Hochelaga-Maisonneuve - LogisQu\u00e9bec\" \/>\n<meta property=\"og:description\" content=\"Saviez-vous que Hochelaga provient du nom d&rsquo;un village iroquoien d\u00e9couvert pr\u00e8s du mont Royal par Jacques Cartier en 1535 ? S\u2019\u00e9tendant de la rue d&rsquo;Iberville jusqu\u2019au quartier Longue-Pointe, le quartier \u00e0 vocation principalement r\u00e9sidentielle ne cesse de se r\u00e9inventer et de se diversifier. Autrefois quartier des manufactures montr\u00e9alaises et donc habit\u00e9 principalement par des ouvriers,\" \/>\n<meta property=\"og:url\" content=\"https:\/\/www.logisquebec.com\/blog\/portrait-de-quartier-hochelaga-maisonneuve\/\" \/>\n<meta property=\"og:site_name\" content=\"Le blogue d\u2019informations pratiques sur l\u2019immobilier au Qu\u00e9bec\" \/>\n<meta property=\"article:published_time\" content=\"2019-10-23T14:51:25+00:00\" \/>\n<meta property=\"article:modified_time\" content=\"2021-02-26T15:39:26+00:00\" \/>\n<meta property=\"og:image\" content=\"https:\/\/www.logisquebec.com\/blog\/wp-content\/uploads\/2019\/10\/iStock-1165882196-scaled.jpg\" \/>\n\t<meta property=\"og:image:width\" content=\"2560\" \/>\n\t<meta property=\"og:image:height\" content=\"1081\" \/>\n\t<meta property=\"og:image:type\" content=\"image\/jpeg\" \/>\n<meta name=\"author\" content=\"logisqcadmin\" \/>\n<meta name=\"twitter:card\" content=\"summary_large_image\" \/>\n<meta name=\"twitter:label1\" content=\"\u00c9crit par\" \/>\n\t<meta name=\"twitter:data1\" content=\"logisqcadmin\" \/>\n\t<meta name=\"twitter:label2\" content=\"Estimation du temps de lecture\" \/>\n\t<meta name=\"twitter:data2\" content=\"5 minutes\" \/>\n<script type=\"application\/ld+json\" class=\"yoast-schema-graph\">{\"@context\":\"https:\\\/\\\/schema.org\",\"@graph\":[{\"@type\":\"Article\",\"@id\":\"https:\\\/\\\/www.logisquebec.com\\\/blog\\\/portrait-de-quartier-hochelaga-maisonneuve\\\/#article\",\"isPartOf\":{\"@id\":\"https:\\\/\\\/www.logisquebec.com\\\/blog\\\/portrait-de-quartier-hochelaga-maisonneuve\\\/\"},\"author\":{\"name\":\"logisqcadmin\",\"@id\":\"https:\\\/\\\/www.logisquebec.com\\\/blog\\\/#\\\/schema\\\/person\\\/485391ff3c1a74825d6cd81569a65fc1\"},\"headline\":\"Portrait de quartier : Hochelaga-Maisonneuve\",\"datePublished\":\"2019-10-23T14:51:25+00:00\",\"dateModified\":\"2021-02-26T15:39:26+00:00\",\"mainEntityOfPage\":{\"@id\":\"https:\\\/\\\/www.logisquebec.com\\\/blog\\\/portrait-de-quartier-hochelaga-maisonneuve\\\/\"},\"wordCount\":1051,\"image\":{\"@id\":\"https:\\\/\\\/www.logisquebec.com\\\/blog\\\/portrait-de-quartier-hochelaga-maisonneuve\\\/#primaryimage\"},\"thumbnailUrl\":\"https:\\\/\\\/www.logisquebec.com\\\/blog\\\/wp-content\\\/uploads\\\/2019\\\/10\\\/iStock-1165882196-scaled.jpg\",\"articleSection\":[\"location\"],\"inLanguage\":\"fr-CA\"},{\"@type\":\"WebPage\",\"@id\":\"https:\\\/\\\/www.logisquebec.com\\\/blog\\\/portrait-de-quartier-hochelaga-maisonneuve\\\/\",\"url\":\"https:\\\/\\\/www.logisquebec.com\\\/blog\\\/portrait-de-quartier-hochelaga-maisonneuve\\\/\",\"name\":\"Portrait de quartier : Hochelaga-Maisonneuve - LogisQu\u00e9bec\",\"isPartOf\":{\"@id\":\"https:\\\/\\\/www.logisquebec.com\\\/blog\\\/#website\"},\"primaryImageOfPage\":{\"@id\":\"https:\\\/\\\/www.logisquebec.com\\\/blog\\\/portrait-de-quartier-hochelaga-maisonneuve\\\/#primaryimage\"},\"image\":{\"@id\":\"https:\\\/\\\/www.logisquebec.com\\\/blog\\\/portrait-de-quartier-hochelaga-maisonneuve\\\/#primaryimage\"},\"thumbnailUrl\":\"https:\\\/\\\/www.logisquebec.com\\\/blog\\\/wp-content\\\/uploads\\\/2019\\\/10\\\/iStock-1165882196-scaled.jpg\",\"datePublished\":\"2019-10-23T14:51:25+00:00\",\"dateModified\":\"2021-02-26T15:39:26+00:00\",\"author\":{\"@id\":\"https:\\\/\\\/www.logisquebec.com\\\/blog\\\/#\\\/schema\\\/person\\\/485391ff3c1a74825d6cd81569a65fc1\"},\"breadcrumb\":{\"@id\":\"https:\\\/\\\/www.logisquebec.com\\\/blog\\\/portrait-de-quartier-hochelaga-maisonneuve\\\/#breadcrumb\"},\"inLanguage\":\"fr-CA\",\"potentialAction\":[{\"@type\":\"ReadAction\",\"target\":[\"https:\\\/\\\/www.logisquebec.com\\\/blog\\\/portrait-de-quartier-hochelaga-maisonneuve\\\/\"]}]},{\"@type\":\"ImageObject\",\"inLanguage\":\"fr-CA\",\"@id\":\"https:\\\/\\\/www.logisquebec.com\\\/blog\\\/portrait-de-quartier-hochelaga-maisonneuve\\\/#primaryimage\",\"url\":\"https:\\\/\\\/www.logisquebec.com\\\/blog\\\/wp-content\\\/uploads\\\/2019\\\/10\\\/iStock-1165882196-scaled.jpg\",\"contentUrl\":\"https:\\\/\\\/www.logisquebec.com\\\/blog\\\/wp-content\\\/uploads\\\/2019\\\/10\\\/iStock-1165882196-scaled.jpg\",\"width\":2560,\"height\":1081,\"caption\":\"Hochelaga Maisonneuve\"},{\"@type\":\"BreadcrumbList\",\"@id\":\"https:\\\/\\\/www.logisquebec.com\\\/blog\\\/portrait-de-quartier-hochelaga-maisonneuve\\\/#breadcrumb\",\"itemListElement\":[{\"@type\":\"ListItem\",\"position\":1,\"name\":\"Accueil\",\"item\":\"https:\\\/\\\/www.logisquebec.com\\\/blog\\\/\"},{\"@type\":\"ListItem\",\"position\":2,\"name\":\"Portrait de quartier : Hochelaga-Maisonneuve\"}]},{\"@type\":\"WebSite\",\"@id\":\"https:\\\/\\\/www.logisquebec.com\\\/blog\\\/#website\",\"url\":\"https:\\\/\\\/www.logisquebec.com\\\/blog\\\/\",\"name\":\"Le blogue d\u2019informations pratiques sur l\u2019immobilier au Qu\u00e9bec\",\"description\":\"\",\"potentialAction\":[{\"@type\":\"SearchAction\",\"target\":{\"@type\":\"EntryPoint\",\"urlTemplate\":\"https:\\\/\\\/www.logisquebec.com\\\/blog\\\/?s={search_term_string}\"},\"query-input\":{\"@type\":\"PropertyValueSpecification\",\"valueRequired\":true,\"valueName\":\"search_term_string\"}}],\"inLanguage\":\"fr-CA\"},{\"@type\":\"Person\",\"@id\":\"https:\\\/\\\/www.logisquebec.com\\\/blog\\\/#\\\/schema\\\/person\\\/485391ff3c1a74825d6cd81569a65fc1\",\"name\":\"logisqcadmin\",\"image\":{\"@type\":\"ImageObject\",\"inLanguage\":\"fr-CA\",\"@id\":\"https:\\\/\\\/secure.gravatar.com\\\/avatar\\\/5cec006740d02494574351ebd09daf76d50359205188f2f5e3e29023e09b9152?s=96&d=mm&r=g\",\"url\":\"https:\\\/\\\/secure.gravatar.com\\\/avatar\\\/5cec006740d02494574351ebd09daf76d50359205188f2f5e3e29023e09b9152?s=96&d=mm&r=g\",\"contentUrl\":\"https:\\\/\\\/secure.gravatar.com\\\/avatar\\\/5cec006740d02494574351ebd09daf76d50359205188f2f5e3e29023e09b9152?s=96&d=mm&r=g\",\"caption\":\"logisqcadmin\"}}]}<\/script>\n<!-- \/ Yoast SEO plugin. -->","yoast_head_json":{"title":"Portrait de quartier : Hochelaga-Maisonneuve - LogisQu\u00e9bec","robots":{"index":"index","follow":"follow","max-snippet":"max-snippet:-1","max-image-preview":"max-image-preview:large","max-video-preview":"max-video-preview:-1"},"canonical":"https:\/\/www.logisquebec.com\/blog\/portrait-de-quartier-hochelaga-maisonneuve\/","og_locale":"fr_CA","og_type":"article","og_title":"Portrait de quartier : Hochelaga-Maisonneuve - LogisQu\u00e9bec","og_description":"Saviez-vous que Hochelaga provient du nom d&rsquo;un village iroquoien d\u00e9couvert pr\u00e8s du mont Royal par Jacques Cartier en 1535 ? S\u2019\u00e9tendant de la rue d&rsquo;Iberville jusqu\u2019au quartier Longue-Pointe, le quartier \u00e0 vocation principalement r\u00e9sidentielle ne cesse de se r\u00e9inventer et de se diversifier. Autrefois quartier des manufactures montr\u00e9alaises et donc habit\u00e9 principalement par des ouvriers,","og_url":"https:\/\/www.logisquebec.com\/blog\/portrait-de-quartier-hochelaga-maisonneuve\/","og_site_name":"Le blogue d\u2019informations pratiques sur l\u2019immobilier au Qu\u00e9bec","article_published_time":"2019-10-23T14:51:25+00:00","article_modified_time":"2021-02-26T15:39:26+00:00","og_image":[{"width":2560,"height":1081,"url":"https:\/\/www.logisquebec.com\/blog\/wp-content\/uploads\/2019\/10\/iStock-1165882196-scaled.jpg","type":"image\/jpeg"}],"author":"logisqcadmin","twitter_card":"summary_large_image","twitter_misc":{"\u00c9crit par":"logisqcadmin","Estimation du temps de lecture":"5 minutes"},"schema":{"@context":"https:\/\/schema.org","@graph":[{"@type":"Article","@id":"https:\/\/www.logisquebec.com\/blog\/portrait-de-quartier-hochelaga-maisonneuve\/#article","isPartOf":{"@id":"https:\/\/www.logisquebec.com\/blog\/portrait-de-quartier-hochelaga-maisonneuve\/"},"author":{"name":"logisqcadmin","@id":"https:\/\/www.logisquebec.com\/blog\/#\/schema\/person\/485391ff3c1a74825d6cd81569a65fc1"},"headline":"Portrait de quartier : Hochelaga-Maisonneuve","datePublished":"2019-10-23T14:51:25+00:00","dateModified":"2021-02-26T15:39:26+00:00","mainEntityOfPage":{"@id":"https:\/\/www.logisquebec.com\/blog\/portrait-de-quartier-hochelaga-maisonneuve\/"},"wordCount":1051,"image":{"@id":"https:\/\/www.logisquebec.com\/blog\/portrait-de-quartier-hochelaga-maisonneuve\/#primaryimage"},"thumbnailUrl":"https:\/\/www.logisquebec.com\/blog\/wp-content\/uploads\/2019\/10\/iStock-1165882196-scaled.jpg","articleSection":["location"],"inLanguage":"fr-CA"},{"@type":"WebPage","@id":"https:\/\/www.logisquebec.com\/blog\/portrait-de-quartier-hochelaga-maisonneuve\/","url":"https:\/\/www.logisquebec.com\/blog\/portrait-de-quartier-hochelaga-maisonneuve\/","name":"Portrait de quartier : Hochelaga-Maisonneuve - LogisQu\u00e9bec","isPartOf":{"@id":"https:\/\/www.logisquebec.com\/blog\/#website"},"primaryImageOfPage":{"@id":"https:\/\/www.logisquebec.com\/blog\/portrait-de-quartier-hochelaga-maisonneuve\/#primaryimage"},"image":{"@id":"https:\/\/www.logisquebec.com\/blog\/portrait-de-quartier-hochelaga-maisonneuve\/#primaryimage"},"thumbnailUrl":"https:\/\/www.logisquebec.com\/blog\/wp-content\/uploads\/2019\/10\/iStock-1165882196-scaled.jpg","datePublished":"2019-10-23T14:51:25+00:00","dateModified":"2021-02-26T15:39:26+00:00","author":{"@id":"https:\/\/www.logisquebec.com\/blog\/#\/schema\/person\/485391ff3c1a74825d6cd81569a65fc1"},"breadcrumb":{"@id":"https:\/\/www.logisquebec.com\/blog\/portrait-de-quartier-hochelaga-maisonneuve\/#breadcrumb"},"inLanguage":"fr-CA","potentialAction":[{"@type":"ReadAction","target":["https:\/\/www.logisquebec.com\/blog\/portrait-de-quartier-hochelaga-maisonneuve\/"]}]},{"@type":"ImageObject","inLanguage":"fr-CA","@id":"https:\/\/www.logisquebec.com\/blog\/portrait-de-quartier-hochelaga-maisonneuve\/#primaryimage","url":"https:\/\/www.logisquebec.com\/blog\/wp-content\/uploads\/2019\/10\/iStock-1165882196-scaled.jpg","contentUrl":"https:\/\/www.logisquebec.com\/blog\/wp-content\/uploads\/2019\/10\/iStock-1165882196-scaled.jpg","width":2560,"height":1081,"caption":"Hochelaga Maisonneuve"},{"@type":"BreadcrumbList","@id":"https:\/\/www.logisquebec.com\/blog\/portrait-de-quartier-hochelaga-maisonneuve\/#breadcrumb","itemListElement":[{"@type":"ListItem","position":1,"name":"Accueil","item":"https:\/\/www.logisquebec.com\/blog\/"},{"@type":"ListItem","position":2,"name":"Portrait de quartier : Hochelaga-Maisonneuve"}]},{"@type":"WebSite","@id":"https:\/\/www.logisquebec.com\/blog\/#website","url":"https:\/\/www.logisquebec.com\/blog\/","name":"Le blogue d\u2019informations pratiques sur l\u2019immobilier au Qu\u00e9bec","description":"","potentialAction":[{"@type":"SearchAction","target":{"@type":"EntryPoint","urlTemplate":"https:\/\/www.logisquebec.com\/blog\/?s={search_term_string}"},"query-input":{"@type":"PropertyValueSpecification","valueRequired":true,"valueName":"search_term_string"}}],"inLanguage":"fr-CA"},{"@type":"Person","@id":"https:\/\/www.logisquebec.com\/blog\/#\/schema\/person\/485391ff3c1a74825d6cd81569a65fc1","name":"logisqcadmin","image":{"@type":"ImageObject","inLanguage":"fr-CA","@id":"https:\/\/secure.gravatar.com\/avatar\/5cec006740d02494574351ebd09daf76d50359205188f2f5e3e29023e09b9152?s=96&d=mm&r=g","url":"https:\/\/secure.gravatar.com\/avatar\/5cec006740d02494574351ebd09daf76d50359205188f2f5e3e29023e09b9152?s=96&d=mm&r=g","contentUrl":"https:\/\/secure.gravatar.com\/avatar\/5cec006740d02494574351ebd09daf76d50359205188f2f5e3e29023e09b9152?s=96&d=mm&r=g","caption":"logisqcadmin"}}]}},"_links":{"self":[{"href":"https:\/\/www.logisquebec.com\/blog\/wp-json\/wp\/v2\/posts\/474","targetHints":{"allow":["GET"]}}],"collection":[{"href":"https:\/\/www.logisquebec.com\/blog\/wp-json\/wp\/v2\/posts"}],"about":[{"href":"https:\/\/www.logisquebec.com\/blog\/wp-json\/wp\/v2\/types\/post"}],"author":[{"embeddable":true,"href":"https:\/\/www.logisquebec.com\/blog\/wp-json\/wp\/v2\/users\/1"}],"replies":[{"embeddable":true,"href":"https:\/\/www.logisquebec.com\/blog\/wp-json\/wp\/v2\/comments?post=474"}],"version-history":[{"count":7,"href":"https:\/\/www.logisquebec.com\/blog\/wp-json\/wp\/v2\/posts\/474\/revisions"}],"predecessor-version":[{"id":719,"href":"https:\/\/www.logisquebec.com\/blog\/wp-json\/wp\/v2\/posts\/474\/revisions\/719"}],"wp:featuredmedia":[{"embeddable":true,"href":"https:\/\/www.logisquebec.com\/blog\/wp-json\/wp\/v2\/media\/491"}],"wp:attachment":[{"href":"https:\/\/www.logisquebec.com\/blog\/wp-json\/wp\/v2\/media?parent=474"}],"wp:term":[{"taxonomy":"category","embeddable":true,"href":"https:\/\/www.logisquebec.com\/blog\/wp-json\/wp\/v2\/categories?post=474"},{"taxonomy":"post_tag","embeddable":true,"href":"https:\/\/www.logisquebec.com\/blog\/wp-json\/wp\/v2\/tags?post=474"}],"curies":[{"name":"wp","href":"https:\/\/api.w.org\/{rel}","templated":true}]}}