{"id":526,"date":"2019-12-03T15:09:05","date_gmt":"2019-12-03T15:09:05","guid":{"rendered":"https:\/\/www.logisquebec.com\/blog\/?p=526"},"modified":"2019-12-03T15:09:05","modified_gmt":"2019-12-03T15:09:05","slug":"peut-on-concilier-economie-et-ecologie-en-matiere-de-chauffage","status":"publish","type":"post","link":"https:\/\/www.logisquebec.com\/blog\/peut-on-concilier-economie-et-ecologie-en-matiere-de-chauffage\/","title":{"rendered":"Peut-on concilier \u00e9conomie et \u00e9cologie en mati\u00e8re de chauffage ?"},"content":{"rendered":"\n<p>On\nle sait, l\u2019hiver est long au Qu\u00e9bec et le choix d\u2019un syst\u00e8me de chauffage pour\nsa maison est un moment crucial.<\/p>\n\n\n\n<p>D\u2019apr\u00e8s\nle minist\u00e8re des ressources naturelles du Qu\u00e9bec, chauffer sa maison\nrepr\u00e9sentait 64,3% de la d\u00e9pense \u00e9nerg\u00e9tique d\u2019un logement en 2016. <\/p>\n\n\n\n<p>Pour\nr\u00e9duire votre facture, il est donc n\u00e9cessaire de faire un choix pertinent pour\nl\u2019appareil qui vous permettra de rester au chaud. <\/p>\n\n\n\n<p>Et\nles crit\u00e8res peuvent \u00eatre tr\u00e8s nombreux : confort, r\u00e9duction des co\u00fbts de\nchauffage ou encore une faible empreinte \u00e9cologique. <\/p>\n\n\n\n<p>Mais\npeut-on r\u00e9ussir \u00e0 concilier les trois : pr\u00e9server son confort, l\u2019environnement\net surtout son portefeuille ? <\/p>\n\n\n\n<p>Notre\n\u00e9quipe a effectu\u00e9 la recherche pour vous et ce qu\u2019il nous reste \u00e0 dire, c\u2019est\nque les solutions sont vari\u00e9es mais pour la plupart envisageables si vous\npensez \u00e0 revoir le mode de fonctionnement de votre maison. <\/p>\n\n\n\n<h2 class=\"wp-block-heading\"><strong>Chauffez mieux, payez moins cher <\/strong><\/h2>\n\n\n\n<p>Plusieurs\nalternatives ont retenu notre attention. Premi\u00e8rement, l\u2019\u00e9lectricit\u00e9 est la\nsource d\u2019\u00e9nergie la plus propre au Qu\u00e9bec. <\/p>\n\n\n\n<!--more-->\n\n\n\n<p>Oubliez\nle gaz naturel ou le bois de chauffage, l\u2019\u00e9lectricit\u00e9 provient en majeure\npartie des barrages hydro\u00e9lectriques &#8211; 98% en 2008 &#8211; ce qui fait d\u2019elle une\n\u00e9nergie renouvelable au Qu\u00e9bec. <\/p>\n\n\n\n<p>Les\nplinthes \u00e9lectriques ou encore les thermopompes constituent de tr\u00e8s bon\nappareils pour chauffer votre maison. <\/p>\n\n\n\n<p>Une\nthermopompe co\u00fbtera g\u00e9n\u00e9ralement plus cher mais cet investissement va se\ntraduire par une r\u00e9duction des co\u00fbts de chauffage et un meilleur confort\ncompar\u00e9 aux plinthes \u00e9lectriques. L\u2019appareil vous permettra aussi de climatiser\nvotre habitation en \u00e9t\u00e9, ce qui fait de lui un partenaire parfait pour le\nclimat atypique de notre province. Cependant faites attention aux extr\u00eames de\ntemp\u00e9rature qui peuvent rendre le fonctionnement de ce syst\u00e8me difficile.<\/p>\n\n\n\n<p>Peu\nimporte votre choix, ce sont deux appareils qui, coupl\u00e9s \u00e0 une bonne isolation,\nvous permettront de r\u00e9duire vos frais li\u00e9s au chauffage sur le long terme tout\nen respectant l\u2019environnement. <\/p>\n\n\n\n<p>Un\nautre syst\u00e8me qui commence \u00e0 faire son apparition au Qu\u00e9bec est la g\u00e9othermie. <\/p>\n\n\n\n<p>Ne\nproduisant pratiquement pas de pollution, ce mode de chauffage est plus on\u00e9reux\nque les syst\u00e8mes \u00e9lectriques \u00e9voqu\u00e9s pr\u00e9cedemment mais cependant de bien\nmeilleure qualit\u00e9 et vous n\u2019aurez plus aucun frais de chauffage pendant 15 ans.\n<\/p>\n\n\n\n<p>La\ng\u00e9othermie puise de la chaleur dans la terre \u00e0 une profondeur pouvant aller de\n19 \u00e0 32 pieds. La temp\u00e9rature du sous-sol terrestre y est relativement\nconstante, entre 8 et 10 degr\u00e9s, ce qui vous donnera la possibilit\u00e9 de chauffer\nvotre maison en hiver ainsi que de la climatiser en \u00e9t\u00e9. <\/p>\n\n\n\n<p>Mais\nfaites bien attention \u00e0 \u00e9valuer la capacit\u00e9 de votre sous-sol terrestre avant\nd\u2019installer ce type d\u2019appareil car dans le cas \u00e9ch\u00e9ant, il peut arriver que\ncelui-ci s\u2019\u00e9puise et rende votre syst\u00e8me g\u00e9othermique inutilisable. <\/p>\n\n\n\n<h2 class=\"wp-block-heading\"><strong>Faites un investissement rentable\npour votre propri\u00e9t\u00e9 !<\/strong><\/h2>\n\n\n\n<p>De\nmani\u00e8re g\u00e9n\u00e9rale, un bon syst\u00e8me install\u00e9 dans votre logement vous permettra de\nfaire grimper la valeur de la propri\u00e9t\u00e9. <\/p>\n\n\n\n<p>Une\nfacture de chauffage peu \u00e9lev\u00e9e, un appareil de qualit\u00e9 et un mode de\nfonctionnement en accord avec l\u2019environnement sont des arguments forts qui vous\npermettront de justifier un prix plus \u00e9lev\u00e9 que la moyenne pour votre maison et\nqui risqueront de la m\u00eame mani\u00e8re d\u2019augmenter le nombre d\u2019int\u00e9ress\u00e9s si vous\nsouhaitez la vendre ou la mettre en location.<\/p>\n\n\n\n<p>Sachez\nque les syst\u00e8mes pr\u00e9sent\u00e9s sont ceux qui paraissent les plus abordables pour\nleurs qualit\u00e9s au niveau du confort et de l\u2019\u00e9conomie d\u2019\u00e9nergie mais il en\nexiste beaucoup d\u2019autres tout aussi int\u00e9ressants. <\/p>\n\n\n\n<p>Chaque\ncas est unique et vous devez bien comprendre les particularit\u00e9s de votre\npropri\u00e9t\u00e9 avant de passer \u00e0 l\u2019achat d\u2019un appareil. <\/p>\n\n\n\n<p>Retenez\ntoujours que la meilleure des techniques pour pr\u00e9server son portefeuille et\nl\u2019environnement restera d\u2019allier une bonne isolation de la maison \u00e0 un syst\u00e8me\nde chauffage pertinent et comp\u00e9tent. <\/p>\n\n\n\n<p><strong>Sources : <\/strong><\/p>\n\n\n\n<p>Creos News, <em>\u00a0La g\u00e9othermie, une \u00e9nergie \u00e0 consommer avec mod\u00e9ration <\/em>(<a href=\"http:\/\/www.creosnews.lu\/la-geothermie-une-energie-consommer-avec-moderation\/\" target=\"_blank\" rel=\"noreferrer noopener\" aria-label=\" (s\u2019ouvre dans un nouvel onglet)\">http:\/\/www.creosnews.lu\/la-geothermie-une-energie-consommer-avec-moderation\/<\/a>)<\/p>\n\n\n\n<p>Minist\u00e8re des ressources naturelles du Canada, <em>Consommation d&rsquo;\u00e9nergie secondaire et \u00e9missions de GES pour le chauffage des locaux par source d&rsquo;\u00e9nergie <\/em>(<a href=\"http:\/\/oee.rncan.gc.ca\/organisme\/statistiques\/bnce\/apd\/showTable.cfm?type=CP&amp;sector=res&amp;juris=qc&amp;rn=5&amp;page=0\" target=\"_blank\" rel=\"noreferrer noopener\" aria-label=\" (s\u2019ouvre dans un nouvel onglet)\">http:\/\/oee.rncan.gc.ca\/organisme\/statistiques\/bnce\/apd\/showTable.cfm?type=CP&amp;sector=res&amp;juris=qc&amp;rn=5&amp;page=0<\/a>)<\/p>\n\n\n\n<p>Ecohabitation, <em>se chauffer \u00e0 l\u2019\u00e9lectricit\u00e9 au Qu\u00e9bec <\/em>(<a href=\"https:\/\/www.ecohabitation.com\/guides\/2729\/se-chauffer-a-lelectricite-au-quebec-plinthes-thermopompes-geothermie-chaudieres\/\" target=\"_blank\" rel=\"noreferrer noopener\" aria-label=\" (s\u2019ouvre dans un nouvel onglet)\">https:\/\/www.ecohabitation.com\/guides\/2729\/se-chauffer-a-lelectricite-au-quebec-plinthes-thermopompes-geothermie-chaudieres\/<\/a>)<\/p>\n\n\n\n<p>Gabriel Parent-Leblanc, <em>Analyse de l\u2019impact environnemental de solutions de chauffage et d\u2019isolation applicables aux b\u00e2timents r\u00e9sidentiels au Qu\u00e9bec <\/em>(<a href=\"https:\/\/www.usherbrooke.ca\/environnement\/fileadmin\/sites\/environnement\/documents\/Essais_2013\/Parent-Leblanc_G__2013-12-20_.pdf\" target=\"_blank\" rel=\"noreferrer noopener\" aria-label=\" (s\u2019ouvre dans un nouvel onglet)\">https:\/\/www.usherbrooke.ca\/environnement\/fileadmin\/sites\/environnement\/documents\/Essais_2013\/Parent-Leblanc_G__2013-12-20_.pdf<\/a>)<\/p>\n","protected":false},"excerpt":{"rendered":"<p>On le sait, l\u2019hiver est long au Qu\u00e9bec et le choix d\u2019un syst\u00e8me de chauffage pour sa maison est un moment crucial. D\u2019apr\u00e8s le minist\u00e8re des ressources naturelles du Qu\u00e9bec, chauffer sa maison repr\u00e9sentait 64,3% de la d\u00e9pense \u00e9nerg\u00e9tique d\u2019un logement en 2016. Pour r\u00e9duire votre facture, il est donc n\u00e9cessaire de faire un choix<\/p>\n","protected":false},"author":1,"featured_media":528,"comment_status":"closed","ping_status":"open","sticky":false,"template":"","format":"standard","meta":{"footnotes":""},"categories":[5],"tags":[],"class_list":{"0":"post-526","1":"post","2":"type-post","3":"status-publish","4":"format-standard","5":"has-post-thumbnail","7":"category-vente"},"yoast_head":"<!-- This site is optimized with the Yoast SEO plugin v27.5 - https:\/\/yoast.com\/product\/yoast-seo-wordpress\/ -->\n<title>Peut-on concilier \u00e9conomie et \u00e9cologie en mati\u00e8re de chauffage ? - LogisQu\u00e9bec<\/title>\n<meta name=\"description\" content=\"En mati\u00e8re de chauffage, comment pr\u00e9server son confort, l\u2019environnement et surtout son portefeuille ?\" \/>\n<meta name=\"robots\" content=\"index, follow, max-snippet:-1, max-image-preview:large, max-video-preview:-1\" \/>\n<link rel=\"canonical\" href=\"https:\/\/www.logisquebec.com\/blog\/peut-on-concilier-economie-et-ecologie-en-matiere-de-chauffage\/\" \/>\n<meta property=\"og:locale\" content=\"fr_CA\" \/>\n<meta property=\"og:type\" content=\"article\" \/>\n<meta property=\"og:title\" content=\"Peut-on concilier \u00e9conomie et \u00e9cologie en mati\u00e8re de chauffage ? - LogisQu\u00e9bec\" \/>\n<meta property=\"og:description\" content=\"En mati\u00e8re de chauffage, comment pr\u00e9server son confort, l\u2019environnement et surtout son portefeuille ?\" \/>\n<meta property=\"og:url\" content=\"https:\/\/www.logisquebec.com\/blog\/peut-on-concilier-economie-et-ecologie-en-matiere-de-chauffage\/\" \/>\n<meta property=\"og:site_name\" content=\"Le blogue d\u2019informations pratiques sur l\u2019immobilier au Qu\u00e9bec\" \/>\n<meta property=\"article:published_time\" content=\"2019-12-03T15:09:05+00:00\" \/>\n<meta property=\"og:image\" content=\"https:\/\/www.logisquebec.com\/blog\/wp-content\/uploads\/2019\/12\/iStock-658574710_publish.jpg\" \/>\n\t<meta property=\"og:image:width\" content=\"1500\" \/>\n\t<meta property=\"og:image:height\" content=\"800\" \/>\n\t<meta property=\"og:image:type\" content=\"image\/jpeg\" \/>\n<meta name=\"author\" content=\"logisqcadmin\" \/>\n<meta name=\"twitter:card\" content=\"summary_large_image\" \/>\n<meta name=\"twitter:label1\" content=\"\u00c9crit par\" \/>\n\t<meta name=\"twitter:data1\" content=\"logisqcadmin\" \/>\n\t<meta name=\"twitter:label2\" content=\"Estimation du temps de lecture\" \/>\n\t<meta name=\"twitter:data2\" content=\"4 minutes\" \/>\n<script type=\"application\/ld+json\" class=\"yoast-schema-graph\">{\"@context\":\"https:\\\/\\\/schema.org\",\"@graph\":[{\"@type\":\"Article\",\"@id\":\"https:\\\/\\\/www.logisquebec.com\\\/blog\\\/peut-on-concilier-economie-et-ecologie-en-matiere-de-chauffage\\\/#article\",\"isPartOf\":{\"@id\":\"https:\\\/\\\/www.logisquebec.com\\\/blog\\\/peut-on-concilier-economie-et-ecologie-en-matiere-de-chauffage\\\/\"},\"author\":{\"name\":\"logisqcadmin\",\"@id\":\"https:\\\/\\\/www.logisquebec.com\\\/blog\\\/#\\\/schema\\\/person\\\/485391ff3c1a74825d6cd81569a65fc1\"},\"headline\":\"Peut-on concilier \u00e9conomie et \u00e9cologie en mati\u00e8re de chauffage ?\",\"datePublished\":\"2019-12-03T15:09:05+00:00\",\"mainEntityOfPage\":{\"@id\":\"https:\\\/\\\/www.logisquebec.com\\\/blog\\\/peut-on-concilier-economie-et-ecologie-en-matiere-de-chauffage\\\/\"},\"wordCount\":811,\"image\":{\"@id\":\"https:\\\/\\\/www.logisquebec.com\\\/blog\\\/peut-on-concilier-economie-et-ecologie-en-matiere-de-chauffage\\\/#primaryimage\"},\"thumbnailUrl\":\"https:\\\/\\\/www.logisquebec.com\\\/blog\\\/wp-content\\\/uploads\\\/2019\\\/12\\\/iStock-658574710_publish.jpg\",\"articleSection\":[\"vente\"],\"inLanguage\":\"fr-CA\"},{\"@type\":\"WebPage\",\"@id\":\"https:\\\/\\\/www.logisquebec.com\\\/blog\\\/peut-on-concilier-economie-et-ecologie-en-matiere-de-chauffage\\\/\",\"url\":\"https:\\\/\\\/www.logisquebec.com\\\/blog\\\/peut-on-concilier-economie-et-ecologie-en-matiere-de-chauffage\\\/\",\"name\":\"Peut-on concilier \u00e9conomie et \u00e9cologie en mati\u00e8re de chauffage ? - LogisQu\u00e9bec\",\"isPartOf\":{\"@id\":\"https:\\\/\\\/www.logisquebec.com\\\/blog\\\/#website\"},\"primaryImageOfPage\":{\"@id\":\"https:\\\/\\\/www.logisquebec.com\\\/blog\\\/peut-on-concilier-economie-et-ecologie-en-matiere-de-chauffage\\\/#primaryimage\"},\"image\":{\"@id\":\"https:\\\/\\\/www.logisquebec.com\\\/blog\\\/peut-on-concilier-economie-et-ecologie-en-matiere-de-chauffage\\\/#primaryimage\"},\"thumbnailUrl\":\"https:\\\/\\\/www.logisquebec.com\\\/blog\\\/wp-content\\\/uploads\\\/2019\\\/12\\\/iStock-658574710_publish.jpg\",\"datePublished\":\"2019-12-03T15:09:05+00:00\",\"author\":{\"@id\":\"https:\\\/\\\/www.logisquebec.com\\\/blog\\\/#\\\/schema\\\/person\\\/485391ff3c1a74825d6cd81569a65fc1\"},\"description\":\"En mati\u00e8re de chauffage, comment pr\u00e9server son confort, l\u2019environnement et surtout son portefeuille ?\",\"breadcrumb\":{\"@id\":\"https:\\\/\\\/www.logisquebec.com\\\/blog\\\/peut-on-concilier-economie-et-ecologie-en-matiere-de-chauffage\\\/#breadcrumb\"},\"inLanguage\":\"fr-CA\",\"potentialAction\":[{\"@type\":\"ReadAction\",\"target\":[\"https:\\\/\\\/www.logisquebec.com\\\/blog\\\/peut-on-concilier-economie-et-ecologie-en-matiere-de-chauffage\\\/\"]}]},{\"@type\":\"ImageObject\",\"inLanguage\":\"fr-CA\",\"@id\":\"https:\\\/\\\/www.logisquebec.com\\\/blog\\\/peut-on-concilier-economie-et-ecologie-en-matiere-de-chauffage\\\/#primaryimage\",\"url\":\"https:\\\/\\\/www.logisquebec.com\\\/blog\\\/wp-content\\\/uploads\\\/2019\\\/12\\\/iStock-658574710_publish.jpg\",\"contentUrl\":\"https:\\\/\\\/www.logisquebec.com\\\/blog\\\/wp-content\\\/uploads\\\/2019\\\/12\\\/iStock-658574710_publish.jpg\",\"width\":1500,\"height\":800,\"caption\":\"Chauffage\"},{\"@type\":\"BreadcrumbList\",\"@id\":\"https:\\\/\\\/www.logisquebec.com\\\/blog\\\/peut-on-concilier-economie-et-ecologie-en-matiere-de-chauffage\\\/#breadcrumb\",\"itemListElement\":[{\"@type\":\"ListItem\",\"position\":1,\"name\":\"Accueil\",\"item\":\"https:\\\/\\\/www.logisquebec.com\\\/blog\\\/\"},{\"@type\":\"ListItem\",\"position\":2,\"name\":\"Peut-on concilier \u00e9conomie et \u00e9cologie en mati\u00e8re de chauffage ?\"}]},{\"@type\":\"WebSite\",\"@id\":\"https:\\\/\\\/www.logisquebec.com\\\/blog\\\/#website\",\"url\":\"https:\\\/\\\/www.logisquebec.com\\\/blog\\\/\",\"name\":\"Le blogue d\u2019informations pratiques sur l\u2019immobilier au Qu\u00e9bec\",\"description\":\"\",\"potentialAction\":[{\"@type\":\"SearchAction\",\"target\":{\"@type\":\"EntryPoint\",\"urlTemplate\":\"https:\\\/\\\/www.logisquebec.com\\\/blog\\\/?s={search_term_string}\"},\"query-input\":{\"@type\":\"PropertyValueSpecification\",\"valueRequired\":true,\"valueName\":\"search_term_string\"}}],\"inLanguage\":\"fr-CA\"},{\"@type\":\"Person\",\"@id\":\"https:\\\/\\\/www.logisquebec.com\\\/blog\\\/#\\\/schema\\\/person\\\/485391ff3c1a74825d6cd81569a65fc1\",\"name\":\"logisqcadmin\",\"image\":{\"@type\":\"ImageObject\",\"inLanguage\":\"fr-CA\",\"@id\":\"https:\\\/\\\/secure.gravatar.com\\\/avatar\\\/5cec006740d02494574351ebd09daf76d50359205188f2f5e3e29023e09b9152?s=96&d=mm&r=g\",\"url\":\"https:\\\/\\\/secure.gravatar.com\\\/avatar\\\/5cec006740d02494574351ebd09daf76d50359205188f2f5e3e29023e09b9152?s=96&d=mm&r=g\",\"contentUrl\":\"https:\\\/\\\/secure.gravatar.com\\\/avatar\\\/5cec006740d02494574351ebd09daf76d50359205188f2f5e3e29023e09b9152?s=96&d=mm&r=g\",\"caption\":\"logisqcadmin\"}}]}<\/script>\n<!-- \/ Yoast SEO plugin. -->","yoast_head_json":{"title":"Peut-on concilier \u00e9conomie et \u00e9cologie en mati\u00e8re de chauffage ? - LogisQu\u00e9bec","description":"En mati\u00e8re de chauffage, comment pr\u00e9server son confort, l\u2019environnement et surtout son portefeuille ?","robots":{"index":"index","follow":"follow","max-snippet":"max-snippet:-1","max-image-preview":"max-image-preview:large","max-video-preview":"max-video-preview:-1"},"canonical":"https:\/\/www.logisquebec.com\/blog\/peut-on-concilier-economie-et-ecologie-en-matiere-de-chauffage\/","og_locale":"fr_CA","og_type":"article","og_title":"Peut-on concilier \u00e9conomie et \u00e9cologie en mati\u00e8re de chauffage ? - LogisQu\u00e9bec","og_description":"En mati\u00e8re de chauffage, comment pr\u00e9server son confort, l\u2019environnement et surtout son portefeuille ?","og_url":"https:\/\/www.logisquebec.com\/blog\/peut-on-concilier-economie-et-ecologie-en-matiere-de-chauffage\/","og_site_name":"Le blogue d\u2019informations pratiques sur l\u2019immobilier au Qu\u00e9bec","article_published_time":"2019-12-03T15:09:05+00:00","og_image":[{"width":1500,"height":800,"url":"https:\/\/www.logisquebec.com\/blog\/wp-content\/uploads\/2019\/12\/iStock-658574710_publish.jpg","type":"image\/jpeg"}],"author":"logisqcadmin","twitter_card":"summary_large_image","twitter_misc":{"\u00c9crit par":"logisqcadmin","Estimation du temps de lecture":"4 minutes"},"schema":{"@context":"https:\/\/schema.org","@graph":[{"@type":"Article","@id":"https:\/\/www.logisquebec.com\/blog\/peut-on-concilier-economie-et-ecologie-en-matiere-de-chauffage\/#article","isPartOf":{"@id":"https:\/\/www.logisquebec.com\/blog\/peut-on-concilier-economie-et-ecologie-en-matiere-de-chauffage\/"},"author":{"name":"logisqcadmin","@id":"https:\/\/www.logisquebec.com\/blog\/#\/schema\/person\/485391ff3c1a74825d6cd81569a65fc1"},"headline":"Peut-on concilier \u00e9conomie et \u00e9cologie en mati\u00e8re de chauffage ?","datePublished":"2019-12-03T15:09:05+00:00","mainEntityOfPage":{"@id":"https:\/\/www.logisquebec.com\/blog\/peut-on-concilier-economie-et-ecologie-en-matiere-de-chauffage\/"},"wordCount":811,"image":{"@id":"https:\/\/www.logisquebec.com\/blog\/peut-on-concilier-economie-et-ecologie-en-matiere-de-chauffage\/#primaryimage"},"thumbnailUrl":"https:\/\/www.logisquebec.com\/blog\/wp-content\/uploads\/2019\/12\/iStock-658574710_publish.jpg","articleSection":["vente"],"inLanguage":"fr-CA"},{"@type":"WebPage","@id":"https:\/\/www.logisquebec.com\/blog\/peut-on-concilier-economie-et-ecologie-en-matiere-de-chauffage\/","url":"https:\/\/www.logisquebec.com\/blog\/peut-on-concilier-economie-et-ecologie-en-matiere-de-chauffage\/","name":"Peut-on concilier \u00e9conomie et \u00e9cologie en mati\u00e8re de chauffage ? - LogisQu\u00e9bec","isPartOf":{"@id":"https:\/\/www.logisquebec.com\/blog\/#website"},"primaryImageOfPage":{"@id":"https:\/\/www.logisquebec.com\/blog\/peut-on-concilier-economie-et-ecologie-en-matiere-de-chauffage\/#primaryimage"},"image":{"@id":"https:\/\/www.logisquebec.com\/blog\/peut-on-concilier-economie-et-ecologie-en-matiere-de-chauffage\/#primaryimage"},"thumbnailUrl":"https:\/\/www.logisquebec.com\/blog\/wp-content\/uploads\/2019\/12\/iStock-658574710_publish.jpg","datePublished":"2019-12-03T15:09:05+00:00","author":{"@id":"https:\/\/www.logisquebec.com\/blog\/#\/schema\/person\/485391ff3c1a74825d6cd81569a65fc1"},"description":"En mati\u00e8re de chauffage, comment pr\u00e9server son confort, l\u2019environnement et surtout son portefeuille ?","breadcrumb":{"@id":"https:\/\/www.logisquebec.com\/blog\/peut-on-concilier-economie-et-ecologie-en-matiere-de-chauffage\/#breadcrumb"},"inLanguage":"fr-CA","potentialAction":[{"@type":"ReadAction","target":["https:\/\/www.logisquebec.com\/blog\/peut-on-concilier-economie-et-ecologie-en-matiere-de-chauffage\/"]}]},{"@type":"ImageObject","inLanguage":"fr-CA","@id":"https:\/\/www.logisquebec.com\/blog\/peut-on-concilier-economie-et-ecologie-en-matiere-de-chauffage\/#primaryimage","url":"https:\/\/www.logisquebec.com\/blog\/wp-content\/uploads\/2019\/12\/iStock-658574710_publish.jpg","contentUrl":"https:\/\/www.logisquebec.com\/blog\/wp-content\/uploads\/2019\/12\/iStock-658574710_publish.jpg","width":1500,"height":800,"caption":"Chauffage"},{"@type":"BreadcrumbList","@id":"https:\/\/www.logisquebec.com\/blog\/peut-on-concilier-economie-et-ecologie-en-matiere-de-chauffage\/#breadcrumb","itemListElement":[{"@type":"ListItem","position":1,"name":"Accueil","item":"https:\/\/www.logisquebec.com\/blog\/"},{"@type":"ListItem","position":2,"name":"Peut-on concilier \u00e9conomie et \u00e9cologie en mati\u00e8re de chauffage ?"}]},{"@type":"WebSite","@id":"https:\/\/www.logisquebec.com\/blog\/#website","url":"https:\/\/www.logisquebec.com\/blog\/","name":"Le blogue d\u2019informations pratiques sur l\u2019immobilier au Qu\u00e9bec","description":"","potentialAction":[{"@type":"SearchAction","target":{"@type":"EntryPoint","urlTemplate":"https:\/\/www.logisquebec.com\/blog\/?s={search_term_string}"},"query-input":{"@type":"PropertyValueSpecification","valueRequired":true,"valueName":"search_term_string"}}],"inLanguage":"fr-CA"},{"@type":"Person","@id":"https:\/\/www.logisquebec.com\/blog\/#\/schema\/person\/485391ff3c1a74825d6cd81569a65fc1","name":"logisqcadmin","image":{"@type":"ImageObject","inLanguage":"fr-CA","@id":"https:\/\/secure.gravatar.com\/avatar\/5cec006740d02494574351ebd09daf76d50359205188f2f5e3e29023e09b9152?s=96&d=mm&r=g","url":"https:\/\/secure.gravatar.com\/avatar\/5cec006740d02494574351ebd09daf76d50359205188f2f5e3e29023e09b9152?s=96&d=mm&r=g","contentUrl":"https:\/\/secure.gravatar.com\/avatar\/5cec006740d02494574351ebd09daf76d50359205188f2f5e3e29023e09b9152?s=96&d=mm&r=g","caption":"logisqcadmin"}}]}},"_links":{"self":[{"href":"https:\/\/www.logisquebec.com\/blog\/wp-json\/wp\/v2\/posts\/526","targetHints":{"allow":["GET"]}}],"collection":[{"href":"https:\/\/www.logisquebec.com\/blog\/wp-json\/wp\/v2\/posts"}],"about":[{"href":"https:\/\/www.logisquebec.com\/blog\/wp-json\/wp\/v2\/types\/post"}],"author":[{"embeddable":true,"href":"https:\/\/www.logisquebec.com\/blog\/wp-json\/wp\/v2\/users\/1"}],"replies":[{"embeddable":true,"href":"https:\/\/www.logisquebec.com\/blog\/wp-json\/wp\/v2\/comments?post=526"}],"version-history":[{"count":2,"href":"https:\/\/www.logisquebec.com\/blog\/wp-json\/wp\/v2\/posts\/526\/revisions"}],"predecessor-version":[{"id":529,"href":"https:\/\/www.logisquebec.com\/blog\/wp-json\/wp\/v2\/posts\/526\/revisions\/529"}],"wp:featuredmedia":[{"embeddable":true,"href":"https:\/\/www.logisquebec.com\/blog\/wp-json\/wp\/v2\/media\/528"}],"wp:attachment":[{"href":"https:\/\/www.logisquebec.com\/blog\/wp-json\/wp\/v2\/media?parent=526"}],"wp:term":[{"taxonomy":"category","embeddable":true,"href":"https:\/\/www.logisquebec.com\/blog\/wp-json\/wp\/v2\/categories?post=526"},{"taxonomy":"post_tag","embeddable":true,"href":"https:\/\/www.logisquebec.com\/blog\/wp-json\/wp\/v2\/tags?post=526"}],"curies":[{"name":"wp","href":"https:\/\/api.w.org\/{rel}","templated":true}]}}