{"id":541,"date":"2020-01-08T19:31:45","date_gmt":"2020-01-08T19:31:45","guid":{"rendered":"https:\/\/www.logisquebec.com\/blog\/?p=541"},"modified":"2021-02-26T15:39:08","modified_gmt":"2021-02-26T15:39:08","slug":"portrait-de-quartier-villeray-parc-extension","status":"publish","type":"post","link":"https:\/\/www.logisquebec.com\/blog\/portrait-de-quartier-villeray-parc-extension\/","title":{"rendered":"Portrait de quartier : Villeray Parc-Extension"},"content":{"rendered":"\n<p>Villeray Parc-Extension est un arrondissement de la ville de Montr\u00e9al qui comprend trois quartiers : Villeray, Saint-Michel et Parc-Extension. Vous avez entendu parler d\u2019un de ces quartiers et vous souhaitez en savoir plus pour potentiellement vous y installer ou y poss\u00e9der un bien ? Suivez notre portrait de ce quartier montr\u00e9alais dont on entend particuli\u00e8rement parler, car il est d\u00e9sign\u00e9 comme \u00e9tant branch\u00e9 et \u00e0 la mode et donc particuli\u00e8rement attractif.<\/p>\n\n\n\n<h2 class=\"wp-block-heading\">Les attraits du quartier Villeray Parc-Extension<\/h2>\n\n\n\n<p>L\u2019arrondissement de Villeray Parc-Extension qui est situ\u00e9 au nord de l\u2019\u00eele de Montr\u00e9al a une avantageuse position \u00e0 Montr\u00e9al et dispose de tr\u00e8s bonnes infrastructures profitables au quotidien. Sa position le rend notamment tr\u00e8s accessible aussi bien en m\u00e9tro, en bus, en v\u00e9lo qu\u2019en voiture depuis d\u2019autres quartiers de la m\u00e9tropole. Le quartier est notamment accessible par 5 stations de 2 lignes de m\u00e9tro diff\u00e9rentes.&nbsp;<\/p>\n\n\n\n<!--more-->\n\n\n\n<p>Le quartier Villeray Parc-Extension est ensuite un lieu tr\u00e8s riche en restaurants, caf\u00e9s et commerces de proximit\u00e9 qui permet de faire ses courses notamment dans de petites \u00e9piceries et magasins du monde. Quant aux espaces verts, le quartier compte un atout de charme qui est le grand et ravissant parc Jarry. Un espace de promenade, de divertissement, un espace sportif ou encore de d\u00e9tente dans la verdure. Pour les sportifs, le parc Jarry est ou deviendra rapidement un incontournable de Montr\u00e9al, avec des appareils d\u2019entra\u00eenement physique ajout\u00e9s et deux patinoires construites en plus de ses terrains de baseball, de volleyball, de p\u00e9tanque, de tennis, de basketball, sa piscine et son skate park !<\/p>\n\n\n\n<h2 class=\"wp-block-heading\">Qui vit \u00e0 Villeray Parc-Extension ?<\/h2>\n\n\n\n<p>La population de l\u2019arrondissement de Villeray Parc-Extension repr\u00e9sente plus de 143 853 habitants (recensement de Statistique Canada de 2016). Les r\u00e9sidents de Villeray Parc-Extension sont alors autant de personne r\u00e9partie dans un quartier \u00e0 la superficie de 16,5 kilom\u00e8tres carr\u00e9s.<\/p>\n\n\n\n<h3 class=\"wp-block-heading\">Une population jeune et une forte croissance d\u00e9mographique&nbsp;<\/h3>\n\n\n\n<p>Le quartier se classe au 2e rang des 19 arrondissements montr\u00e9alais pour la taille de sa population, cela notamment d\u00fb \u00e0 une forte croissance d\u00e9mographique de 1,1 % entre 2011 et 2016, soit 1 631 r\u00e9sidants de plus en cinq ans. Cette forte croissance d\u00e9mographique due aux naissances fait que la proportion d\u2019enfants de 0 \u00e0 14 ans et de jeunes de 25 \u00e0 34 ans dans le quartier est plus \u00e9lev\u00e9e que dans l\u2019ensemble de la ville de Montr\u00e9al. Dans le groupe de 25 \u00e0 34 ans, 26 890 jeunes adultes sont recens\u00e9s dans le quartier, ce qui correspond \u00e0 19 % de la population. Concernant la scolarit\u00e9 des enfants, le quartier Villeray Parc-Extension propose plusieurs \u00e9coles primaires et secondaires diff\u00e9rentes.<\/p>\n\n\n\n<p>\u00c0 l\u2019inverse, la concentration d\u2019a\u00een\u00e9s, \u00e2g\u00e9s de 65 ans et plus est moins importante qu\u2019ailleurs dans la m\u00e9tropole. Parmi les 35 205 familles du quartier recens\u00e9es en 2016, on d\u00e9nombre 23 630 familles avec enfants, ce qui \u00e9quivaut \u00e0 pr\u00e8s des deux tiers des unit\u00e9s familiales.&nbsp;<\/p>\n\n\n\n<h3 class=\"wp-block-heading\">Quartier le plus multiethnique des arrondissements montr\u00e9alais<\/h3>\n\n\n\n<p>Les habitants du quartier proviennent de 75 communaut\u00e9s culturelles diff\u00e9rentes. Les communaut\u00e9s les plus importantes sont les communaut\u00e9s francophone, latino-am\u00e9ricaine, italienne, grecque, indienne, portugaise, vietnamienne, maghr\u00e9bine et ha\u00eftienne. Un peu plus d\u2019un r\u00e9sidant sur dix n\u2019\u00e9tait pas citoyen canadien lors du recensement de 2016 et environ deux personnes sur cinq, sont originaires d\u2019un autre pays.<\/p>\n\n\n\n<h3 class=\"wp-block-heading\">Des habitants \u00e0 majorit\u00e9 francophone<\/h3>\n\n\n\n<p>Le fran\u00e7ais demeure la langue la plus couramment parl\u00e9e au quotidien et dans les m\u00e9nages par environ 51 % des habitants du quartier, mais alors que la communaut\u00e9 latino-am\u00e9ricaine est tr\u00e8s importante, l&rsquo;espagnol est la deuxi\u00e8me langue en importance avant l\u2019anglais et l\u2019arabe dans le quartier. Malgr\u00e9 cela, la moiti\u00e9 de la population est apte \u00e0 entretenir une conversation \u00e0 la fois en fran\u00e7ais et en anglais.<\/p>\n\n\n\n<h3 class=\"wp-block-heading\">Un quartier plus f\u00e9minin que masculin&nbsp;<\/h3>\n\n\n\n<p>La population de l\u2019arrondissement est compos\u00e9e de 72 430 personnes de sexe f\u00e9minin et de 71 425 individus de sexe masculin. Les femmes, l\u00e9g\u00e8rement majoritaires, comptent ainsi pour 50,3 % des citoyens, comparativement \u00e0 une proportion de 49,6 % pour les hommes.<\/p>\n\n\n\n<h2 class=\"wp-block-heading\">\u00c9tat des logements dans l\u2019arrondissement&nbsp;<\/h2>\n\n\n\n<p>Environ 49 % des logements de l\u2019arrondissement font partie du logement ancien, c\u2019est-\u00e0-dire qu\u2019ils ont \u00e9t\u00e9 construits avant 1961. Quant au logis nouveau, soit construit entre 2006 et 2016, on d\u00e9compte environ 3 635 logements dans ce cas.&nbsp;<\/p>\n\n\n\n<p>Les logements de l\u2019arrondissement comptent en moyenne 4,3 pi\u00e8ces. Ceux offrant moins de 5 pi\u00e8ces sont par ailleurs les plus fr\u00e9quents, on en d\u00e9nombre 39 135, ce qui repr\u00e9sente 60 % des unit\u00e9s de logement.&nbsp;<\/p>\n\n\n\n<p>La grande majorit\u00e9 des logements de l\u2019arrondissement de Villeray Parc-Extension sont occup\u00e9s par des locataires. C\u2019est en effet une large proportion de 72 % de l\u2019ensemble du parc de logements du quartier qui sont occup\u00e9s par des locataires. Quant aux logements occup\u00e9s par des propri\u00e9taires, ils repr\u00e9sentent une part de 28 % environ des logements au total. 8 020 d\u2019entre eux font ensuite partie d\u2019un ensemble de logements en copropri\u00e9t\u00e9 soit 12 % de l\u2019ensemble du parc de logements environ.<\/p>\n\n\n\n<p><strong>Dans la s\u00e9rie Portrait de quartier : <\/strong><\/p>\n\n\n\n<ul class=\"wp-block-list\"><li><a href=\"https:\/\/www.logisquebec.com\/blog\/portrait-de-quartier-hochelaga-maisonneuve\/\">Hochelaga-Maisonneuve<\/a><\/li><li><a href=\"https:\/\/www.logisquebec.com\/blog\/portrait-de-quartier-la-cite-limoilou\/\">La Cit\u00e9 Limoilou<\/a><\/li><li><a href=\"https:\/\/www.logisquebec.com\/blog\/portrait-de-quartier-plateau-mont-royal\/\">Le Plateau Mont-Royal<\/a><\/li><li><a href=\"https:\/\/www.logisquebec.com\/blog\/portrait-de-quartier-rosemont-la-petite-patrie\/\">Rosemont-La-Petite-Patrie<\/a><\/li><li><a href=\"https:\/\/www.logisquebec.com\/blog\/portrait-de-quartier-quebec-sainte-foy-sillery\/\">Qu\u00e9bec Sainte-Foy\/Sillery<\/a><\/li><\/ul>\n","protected":false},"excerpt":{"rendered":"<p>Villeray Parc-Extension est un arrondissement de la ville de Montr\u00e9al qui comprend trois quartiers : Villeray, Saint-Michel et Parc-Extension. Vous avez entendu parler d\u2019un de ces quartiers et vous souhaitez en savoir plus pour potentiellement vous y installer ou y poss\u00e9der un bien ? Suivez notre portrait de ce quartier montr\u00e9alais dont on entend particuli\u00e8rement<\/p>\n","protected":false},"author":1,"featured_media":543,"comment_status":"closed","ping_status":"open","sticky":false,"template":"","format":"standard","meta":{"footnotes":""},"categories":[2],"tags":[],"class_list":{"0":"post-541","1":"post","2":"type-post","3":"status-publish","4":"format-standard","5":"has-post-thumbnail","7":"category-location"},"yoast_head":"<!-- This site is optimized with the Yoast SEO plugin v27.5 - https:\/\/yoast.com\/product\/yoast-seo-wordpress\/ -->\n<title>Portrait de quartier : Villeray Parc-Extension - LogisQu\u00e9bec<\/title>\n<meta name=\"description\" content=\"Villeray Parc-Extension est un arrondissement de la ville de Montr\u00e9al qui est riche en restaurants, caf\u00e9s, commerces et espaces verts.\" \/>\n<meta name=\"robots\" content=\"index, follow, max-snippet:-1, max-image-preview:large, max-video-preview:-1\" \/>\n<link rel=\"canonical\" href=\"https:\/\/www.logisquebec.com\/blog\/portrait-de-quartier-villeray-parc-extension\/\" \/>\n<meta property=\"og:locale\" content=\"fr_CA\" \/>\n<meta property=\"og:type\" content=\"article\" \/>\n<meta property=\"og:title\" content=\"Portrait de quartier : Villeray Parc-Extension - LogisQu\u00e9bec\" \/>\n<meta property=\"og:description\" content=\"Villeray Parc-Extension est un arrondissement de la ville de Montr\u00e9al qui est riche en restaurants, caf\u00e9s, commerces et espaces verts.\" \/>\n<meta property=\"og:url\" content=\"https:\/\/www.logisquebec.com\/blog\/portrait-de-quartier-villeray-parc-extension\/\" \/>\n<meta property=\"og:site_name\" content=\"Le blogue d\u2019informations pratiques sur l\u2019immobilier au Qu\u00e9bec\" \/>\n<meta property=\"article:published_time\" content=\"2020-01-08T19:31:45+00:00\" \/>\n<meta property=\"article:modified_time\" content=\"2021-02-26T15:39:08+00:00\" \/>\n<meta property=\"og:image\" content=\"https:\/\/www.logisquebec.com\/blog\/wp-content\/uploads\/2020\/01\/iStock-589950888_publish.jpg\" \/>\n\t<meta property=\"og:image:width\" content=\"1500\" \/>\n\t<meta property=\"og:image:height\" content=\"797\" \/>\n\t<meta property=\"og:image:type\" content=\"image\/jpeg\" \/>\n<meta name=\"author\" content=\"logisqcadmin\" \/>\n<meta name=\"twitter:card\" content=\"summary_large_image\" \/>\n<meta name=\"twitter:label1\" content=\"\u00c9crit par\" \/>\n\t<meta name=\"twitter:data1\" content=\"logisqcadmin\" \/>\n\t<meta name=\"twitter:label2\" content=\"Estimation du temps de lecture\" \/>\n\t<meta name=\"twitter:data2\" content=\"4 minutes\" \/>\n<script type=\"application\/ld+json\" class=\"yoast-schema-graph\">{\"@context\":\"https:\\\/\\\/schema.org\",\"@graph\":[{\"@type\":\"Article\",\"@id\":\"https:\\\/\\\/www.logisquebec.com\\\/blog\\\/portrait-de-quartier-villeray-parc-extension\\\/#article\",\"isPartOf\":{\"@id\":\"https:\\\/\\\/www.logisquebec.com\\\/blog\\\/portrait-de-quartier-villeray-parc-extension\\\/\"},\"author\":{\"name\":\"logisqcadmin\",\"@id\":\"https:\\\/\\\/www.logisquebec.com\\\/blog\\\/#\\\/schema\\\/person\\\/485391ff3c1a74825d6cd81569a65fc1\"},\"headline\":\"Portrait de quartier : Villeray Parc-Extension\",\"datePublished\":\"2020-01-08T19:31:45+00:00\",\"dateModified\":\"2021-02-26T15:39:08+00:00\",\"mainEntityOfPage\":{\"@id\":\"https:\\\/\\\/www.logisquebec.com\\\/blog\\\/portrait-de-quartier-villeray-parc-extension\\\/\"},\"wordCount\":876,\"image\":{\"@id\":\"https:\\\/\\\/www.logisquebec.com\\\/blog\\\/portrait-de-quartier-villeray-parc-extension\\\/#primaryimage\"},\"thumbnailUrl\":\"https:\\\/\\\/www.logisquebec.com\\\/blog\\\/wp-content\\\/uploads\\\/2020\\\/01\\\/iStock-589950888_publish.jpg\",\"articleSection\":[\"location\"],\"inLanguage\":\"fr-CA\"},{\"@type\":\"WebPage\",\"@id\":\"https:\\\/\\\/www.logisquebec.com\\\/blog\\\/portrait-de-quartier-villeray-parc-extension\\\/\",\"url\":\"https:\\\/\\\/www.logisquebec.com\\\/blog\\\/portrait-de-quartier-villeray-parc-extension\\\/\",\"name\":\"Portrait de quartier : Villeray Parc-Extension - LogisQu\u00e9bec\",\"isPartOf\":{\"@id\":\"https:\\\/\\\/www.logisquebec.com\\\/blog\\\/#website\"},\"primaryImageOfPage\":{\"@id\":\"https:\\\/\\\/www.logisquebec.com\\\/blog\\\/portrait-de-quartier-villeray-parc-extension\\\/#primaryimage\"},\"image\":{\"@id\":\"https:\\\/\\\/www.logisquebec.com\\\/blog\\\/portrait-de-quartier-villeray-parc-extension\\\/#primaryimage\"},\"thumbnailUrl\":\"https:\\\/\\\/www.logisquebec.com\\\/blog\\\/wp-content\\\/uploads\\\/2020\\\/01\\\/iStock-589950888_publish.jpg\",\"datePublished\":\"2020-01-08T19:31:45+00:00\",\"dateModified\":\"2021-02-26T15:39:08+00:00\",\"author\":{\"@id\":\"https:\\\/\\\/www.logisquebec.com\\\/blog\\\/#\\\/schema\\\/person\\\/485391ff3c1a74825d6cd81569a65fc1\"},\"description\":\"Villeray Parc-Extension est un arrondissement de la ville de Montr\u00e9al qui est riche en restaurants, caf\u00e9s, commerces et espaces verts.\",\"breadcrumb\":{\"@id\":\"https:\\\/\\\/www.logisquebec.com\\\/blog\\\/portrait-de-quartier-villeray-parc-extension\\\/#breadcrumb\"},\"inLanguage\":\"fr-CA\",\"potentialAction\":[{\"@type\":\"ReadAction\",\"target\":[\"https:\\\/\\\/www.logisquebec.com\\\/blog\\\/portrait-de-quartier-villeray-parc-extension\\\/\"]}]},{\"@type\":\"ImageObject\",\"inLanguage\":\"fr-CA\",\"@id\":\"https:\\\/\\\/www.logisquebec.com\\\/blog\\\/portrait-de-quartier-villeray-parc-extension\\\/#primaryimage\",\"url\":\"https:\\\/\\\/www.logisquebec.com\\\/blog\\\/wp-content\\\/uploads\\\/2020\\\/01\\\/iStock-589950888_publish.jpg\",\"contentUrl\":\"https:\\\/\\\/www.logisquebec.com\\\/blog\\\/wp-content\\\/uploads\\\/2020\\\/01\\\/iStock-589950888_publish.jpg\",\"width\":1500,\"height\":797,\"caption\":\"Villeray Parc-Extension\"},{\"@type\":\"BreadcrumbList\",\"@id\":\"https:\\\/\\\/www.logisquebec.com\\\/blog\\\/portrait-de-quartier-villeray-parc-extension\\\/#breadcrumb\",\"itemListElement\":[{\"@type\":\"ListItem\",\"position\":1,\"name\":\"Accueil\",\"item\":\"https:\\\/\\\/www.logisquebec.com\\\/blog\\\/\"},{\"@type\":\"ListItem\",\"position\":2,\"name\":\"Portrait de quartier : Villeray Parc-Extension\"}]},{\"@type\":\"WebSite\",\"@id\":\"https:\\\/\\\/www.logisquebec.com\\\/blog\\\/#website\",\"url\":\"https:\\\/\\\/www.logisquebec.com\\\/blog\\\/\",\"name\":\"Le blogue d\u2019informations pratiques sur l\u2019immobilier au Qu\u00e9bec\",\"description\":\"\",\"potentialAction\":[{\"@type\":\"SearchAction\",\"target\":{\"@type\":\"EntryPoint\",\"urlTemplate\":\"https:\\\/\\\/www.logisquebec.com\\\/blog\\\/?s={search_term_string}\"},\"query-input\":{\"@type\":\"PropertyValueSpecification\",\"valueRequired\":true,\"valueName\":\"search_term_string\"}}],\"inLanguage\":\"fr-CA\"},{\"@type\":\"Person\",\"@id\":\"https:\\\/\\\/www.logisquebec.com\\\/blog\\\/#\\\/schema\\\/person\\\/485391ff3c1a74825d6cd81569a65fc1\",\"name\":\"logisqcadmin\",\"image\":{\"@type\":\"ImageObject\",\"inLanguage\":\"fr-CA\",\"@id\":\"https:\\\/\\\/secure.gravatar.com\\\/avatar\\\/5cec006740d02494574351ebd09daf76d50359205188f2f5e3e29023e09b9152?s=96&d=mm&r=g\",\"url\":\"https:\\\/\\\/secure.gravatar.com\\\/avatar\\\/5cec006740d02494574351ebd09daf76d50359205188f2f5e3e29023e09b9152?s=96&d=mm&r=g\",\"contentUrl\":\"https:\\\/\\\/secure.gravatar.com\\\/avatar\\\/5cec006740d02494574351ebd09daf76d50359205188f2f5e3e29023e09b9152?s=96&d=mm&r=g\",\"caption\":\"logisqcadmin\"}}]}<\/script>\n<!-- \/ Yoast SEO plugin. -->","yoast_head_json":{"title":"Portrait de quartier : Villeray Parc-Extension - LogisQu\u00e9bec","description":"Villeray Parc-Extension est un arrondissement de la ville de Montr\u00e9al qui est riche en restaurants, caf\u00e9s, commerces et espaces verts.","robots":{"index":"index","follow":"follow","max-snippet":"max-snippet:-1","max-image-preview":"max-image-preview:large","max-video-preview":"max-video-preview:-1"},"canonical":"https:\/\/www.logisquebec.com\/blog\/portrait-de-quartier-villeray-parc-extension\/","og_locale":"fr_CA","og_type":"article","og_title":"Portrait de quartier : Villeray Parc-Extension - LogisQu\u00e9bec","og_description":"Villeray Parc-Extension est un arrondissement de la ville de Montr\u00e9al qui est riche en restaurants, caf\u00e9s, commerces et espaces verts.","og_url":"https:\/\/www.logisquebec.com\/blog\/portrait-de-quartier-villeray-parc-extension\/","og_site_name":"Le blogue d\u2019informations pratiques sur l\u2019immobilier au Qu\u00e9bec","article_published_time":"2020-01-08T19:31:45+00:00","article_modified_time":"2021-02-26T15:39:08+00:00","og_image":[{"width":1500,"height":797,"url":"https:\/\/www.logisquebec.com\/blog\/wp-content\/uploads\/2020\/01\/iStock-589950888_publish.jpg","type":"image\/jpeg"}],"author":"logisqcadmin","twitter_card":"summary_large_image","twitter_misc":{"\u00c9crit par":"logisqcadmin","Estimation du temps de lecture":"4 minutes"},"schema":{"@context":"https:\/\/schema.org","@graph":[{"@type":"Article","@id":"https:\/\/www.logisquebec.com\/blog\/portrait-de-quartier-villeray-parc-extension\/#article","isPartOf":{"@id":"https:\/\/www.logisquebec.com\/blog\/portrait-de-quartier-villeray-parc-extension\/"},"author":{"name":"logisqcadmin","@id":"https:\/\/www.logisquebec.com\/blog\/#\/schema\/person\/485391ff3c1a74825d6cd81569a65fc1"},"headline":"Portrait de quartier : Villeray Parc-Extension","datePublished":"2020-01-08T19:31:45+00:00","dateModified":"2021-02-26T15:39:08+00:00","mainEntityOfPage":{"@id":"https:\/\/www.logisquebec.com\/blog\/portrait-de-quartier-villeray-parc-extension\/"},"wordCount":876,"image":{"@id":"https:\/\/www.logisquebec.com\/blog\/portrait-de-quartier-villeray-parc-extension\/#primaryimage"},"thumbnailUrl":"https:\/\/www.logisquebec.com\/blog\/wp-content\/uploads\/2020\/01\/iStock-589950888_publish.jpg","articleSection":["location"],"inLanguage":"fr-CA"},{"@type":"WebPage","@id":"https:\/\/www.logisquebec.com\/blog\/portrait-de-quartier-villeray-parc-extension\/","url":"https:\/\/www.logisquebec.com\/blog\/portrait-de-quartier-villeray-parc-extension\/","name":"Portrait de quartier : Villeray Parc-Extension - LogisQu\u00e9bec","isPartOf":{"@id":"https:\/\/www.logisquebec.com\/blog\/#website"},"primaryImageOfPage":{"@id":"https:\/\/www.logisquebec.com\/blog\/portrait-de-quartier-villeray-parc-extension\/#primaryimage"},"image":{"@id":"https:\/\/www.logisquebec.com\/blog\/portrait-de-quartier-villeray-parc-extension\/#primaryimage"},"thumbnailUrl":"https:\/\/www.logisquebec.com\/blog\/wp-content\/uploads\/2020\/01\/iStock-589950888_publish.jpg","datePublished":"2020-01-08T19:31:45+00:00","dateModified":"2021-02-26T15:39:08+00:00","author":{"@id":"https:\/\/www.logisquebec.com\/blog\/#\/schema\/person\/485391ff3c1a74825d6cd81569a65fc1"},"description":"Villeray Parc-Extension est un arrondissement de la ville de Montr\u00e9al qui est riche en restaurants, caf\u00e9s, commerces et espaces verts.","breadcrumb":{"@id":"https:\/\/www.logisquebec.com\/blog\/portrait-de-quartier-villeray-parc-extension\/#breadcrumb"},"inLanguage":"fr-CA","potentialAction":[{"@type":"ReadAction","target":["https:\/\/www.logisquebec.com\/blog\/portrait-de-quartier-villeray-parc-extension\/"]}]},{"@type":"ImageObject","inLanguage":"fr-CA","@id":"https:\/\/www.logisquebec.com\/blog\/portrait-de-quartier-villeray-parc-extension\/#primaryimage","url":"https:\/\/www.logisquebec.com\/blog\/wp-content\/uploads\/2020\/01\/iStock-589950888_publish.jpg","contentUrl":"https:\/\/www.logisquebec.com\/blog\/wp-content\/uploads\/2020\/01\/iStock-589950888_publish.jpg","width":1500,"height":797,"caption":"Villeray Parc-Extension"},{"@type":"BreadcrumbList","@id":"https:\/\/www.logisquebec.com\/blog\/portrait-de-quartier-villeray-parc-extension\/#breadcrumb","itemListElement":[{"@type":"ListItem","position":1,"name":"Accueil","item":"https:\/\/www.logisquebec.com\/blog\/"},{"@type":"ListItem","position":2,"name":"Portrait de quartier : Villeray Parc-Extension"}]},{"@type":"WebSite","@id":"https:\/\/www.logisquebec.com\/blog\/#website","url":"https:\/\/www.logisquebec.com\/blog\/","name":"Le blogue d\u2019informations pratiques sur l\u2019immobilier au Qu\u00e9bec","description":"","potentialAction":[{"@type":"SearchAction","target":{"@type":"EntryPoint","urlTemplate":"https:\/\/www.logisquebec.com\/blog\/?s={search_term_string}"},"query-input":{"@type":"PropertyValueSpecification","valueRequired":true,"valueName":"search_term_string"}}],"inLanguage":"fr-CA"},{"@type":"Person","@id":"https:\/\/www.logisquebec.com\/blog\/#\/schema\/person\/485391ff3c1a74825d6cd81569a65fc1","name":"logisqcadmin","image":{"@type":"ImageObject","inLanguage":"fr-CA","@id":"https:\/\/secure.gravatar.com\/avatar\/5cec006740d02494574351ebd09daf76d50359205188f2f5e3e29023e09b9152?s=96&d=mm&r=g","url":"https:\/\/secure.gravatar.com\/avatar\/5cec006740d02494574351ebd09daf76d50359205188f2f5e3e29023e09b9152?s=96&d=mm&r=g","contentUrl":"https:\/\/secure.gravatar.com\/avatar\/5cec006740d02494574351ebd09daf76d50359205188f2f5e3e29023e09b9152?s=96&d=mm&r=g","caption":"logisqcadmin"}}]}},"_links":{"self":[{"href":"https:\/\/www.logisquebec.com\/blog\/wp-json\/wp\/v2\/posts\/541","targetHints":{"allow":["GET"]}}],"collection":[{"href":"https:\/\/www.logisquebec.com\/blog\/wp-json\/wp\/v2\/posts"}],"about":[{"href":"https:\/\/www.logisquebec.com\/blog\/wp-json\/wp\/v2\/types\/post"}],"author":[{"embeddable":true,"href":"https:\/\/www.logisquebec.com\/blog\/wp-json\/wp\/v2\/users\/1"}],"replies":[{"embeddable":true,"href":"https:\/\/www.logisquebec.com\/blog\/wp-json\/wp\/v2\/comments?post=541"}],"version-history":[{"count":6,"href":"https:\/\/www.logisquebec.com\/blog\/wp-json\/wp\/v2\/posts\/541\/revisions"}],"predecessor-version":[{"id":718,"href":"https:\/\/www.logisquebec.com\/blog\/wp-json\/wp\/v2\/posts\/541\/revisions\/718"}],"wp:featuredmedia":[{"embeddable":true,"href":"https:\/\/www.logisquebec.com\/blog\/wp-json\/wp\/v2\/media\/543"}],"wp:attachment":[{"href":"https:\/\/www.logisquebec.com\/blog\/wp-json\/wp\/v2\/media?parent=541"}],"wp:term":[{"taxonomy":"category","embeddable":true,"href":"https:\/\/www.logisquebec.com\/blog\/wp-json\/wp\/v2\/categories?post=541"},{"taxonomy":"post_tag","embeddable":true,"href":"https:\/\/www.logisquebec.com\/blog\/wp-json\/wp\/v2\/tags?post=541"}],"curies":[{"name":"wp","href":"https:\/\/api.w.org\/{rel}","templated":true}]}}