{"id":616,"date":"2020-07-08T18:58:33","date_gmt":"2020-07-08T18:58:33","guid":{"rendered":"https:\/\/www.logisquebec.com\/blog\/?p=616"},"modified":"2021-02-26T15:38:53","modified_gmt":"2021-02-26T15:38:53","slug":"portrait-de-quartier-plateau-mont-royal","status":"publish","type":"post","link":"https:\/\/www.logisquebec.com\/blog\/portrait-de-quartier-plateau-mont-royal\/","title":{"rendered":"Portrait de quartier : Plateau Mont-Royal"},"content":{"rendered":"\n<p>Le <a href=\"https:\/\/www.logisquebec.com\/a-louer\/ile-de-montreal\/le-plateau-mont-royal\">Plateau Mont-Royal<\/a> est un quartier r\u00e9cent de l\u2019\u00eele de Montr\u00e9al. Il est tr\u00e8s pris\u00e9 par les \u00e9tudiants, les jeunes travailleurs et familles parce qu\u2019il est un quartier dynamique et d\u00e9contract\u00e9 aux rues bord\u00e9es de charmantes maisons mitoyennes. Ses rues principales qui sont l&rsquo;avenue du Mont-Royal et la rue Saint-Denis sont elles jalonn\u00e9es de caf\u00e9s, de restaurants, de bars anim\u00e9s ainsi que de galeries d\u2019art et de th\u00e9\u00e2tres contemporains.&nbsp;<\/p>\n\n\n\n<h3 class=\"wp-block-heading\">Plus forte densit\u00e9 de population de l\u2019\u00eele et du Canada<\/h3>\n\n\n\n<p>Le charme de son architecture et le dynamisme du Plateau Mont-Royal font du quartier un lieu de vie tr\u00e8s pris\u00e9 \u00e9galement touch\u00e9 par la gentrification. Septi\u00e8me arrondissement le plus peupl\u00e9 de la ville de Montr\u00e9al, le Plateau Mont-Royal regroupe plus de <strong>104 000 habitants<\/strong> r\u00e9partis sur un territoire de <strong>8,1 km2<\/strong>, ce qui fait qu\u2019il est le quartier de l\u2019\u00eele et du Canada \u00e0 la plus forte densit\u00e9 de population au m2.&nbsp;<\/p>\n\n\n\n<!--more-->\n\n\n\n<h4 class=\"wp-block-heading\">Qui vit sur le Plateau Mont-Royal ?&nbsp;<\/h4>\n\n\n\n<ul class=\"wp-block-list\"><li>Les habitants du Plateau sont principalement de jeunes adultes de <strong>20 \u00e0 34 ans<\/strong> tandis que les enfants et les personnes de 55 ans et plus sont sous-repr\u00e9sent\u00e9s par rapport \u00e0 la moyenne montr\u00e9alaise.<\/li><li>Plus d\u2019un m\u00e9nage sur deux est compos\u00e9 d\u2019une <strong>personne seule<\/strong>.<\/li><li>Parmi les familles avec conjoints, le Plateau Mont-Royal abrite la plus forte concentration de couples vivant en union libre.<\/li><li>La population immigrante se chiffre \u00e0 22 270 personnes, soit <strong>23 %<\/strong> de la population totale de l\u2019arrondissement.<\/li><li><strong>60 %<\/strong> de la population peut soutenir une conversation \u00e0 la fois en fran\u00e7ais et en anglais.<\/li><li>Les unilingues francophones repr\u00e9sentent 30 % de la population et les unilingues anglophones, 8 %.<\/li><li>Une population immigrante provenant majoritairement de l\u2019Europe : plus de la moiti\u00e9 des personnes de 15 ans et plus n\u00e9s hors Canada proviennent de l\u2019Europe (<strong>53,8% contre 33,6% sur l\u2019\u00eele<\/strong>). Pr\u00e8s du tiers sont n\u00e9s en Europe occidentale et septentrionale, soit la plus forte proportion parmi les territoires de l\u2019\u00eele.<\/li><li>Une faible pr\u00e9sence des personnes issues des minorit\u00e9s visibles : en 2006, la part des personnes issues des minorit\u00e9s visibles dans la population totale est deux fois moindre que celle de l\u2019\u00eele (12,4% contre 25%).<\/li><\/ul>\n\n\n\n<h3 class=\"wp-block-heading\">Le Plateau Mont-Royal, cr\u00e9atif, attrayant et effervescent<\/h3>\n\n\n\n<p>Le quartier du Plateau Mont-Royal compte plus de <strong>3 000 commerces<\/strong> sur rues, ce qui en fait un arrondissement tr\u00e8s dynamique o\u00f9 les habitants ainsi que les touristes appr\u00e9cient se promener autant en \u00e9t\u00e9 qu\u2019en hiver. Ses rues principales qui sont l&rsquo;avenue du Mont-Royal et la rue Saint-Denis sont \u00e9galement jalonn\u00e9es de caf\u00e9s, de restaurants, de bars anim\u00e9s ainsi que de galeries d\u2019art et de th\u00e9\u00e2tres contemporains. La population jeune et branch\u00e9e qui peuple le quartier am\u00e8ne avec elle beaucoup de cr\u00e9ativit\u00e9 et d\u2019effervescence et l\u2019on peut notamment assister \u00e0 plus de <strong>300 \u00e9v\u00e8nements<\/strong> chaque ann\u00e9e au sein de l\u2019arrondissement. Le Plateau Mont-Royal repr\u00e9sente d&rsquo;ailleurs la plus grande concentration d\u2019artistes en Am\u00e9rique du Nord. De ce fait, on retrouve dans le quartier des emplois plus souvent associ\u00e9s aux arts, \u00e0 la culture, aux sports, aux loisirs et aux sciences sociales : enseignement, administration publique, etc.<\/p>\n\n\n\n<h3 class=\"wp-block-heading\">La nature en ville<\/h3>\n\n\n\n<p>Le quartier du Plateau Mont-Royal est aussi appr\u00e9ci\u00e9, car il repr\u00e9sente un regroupement de deux quartiers tr\u00e8s verts \u00e0 Montr\u00e9al, notamment gr\u00e2ce \u00e0 plus de 16 000 arbres pr\u00e9sents sur place. On trouve \u00e9galement dans le quartier environ 350 espaces de jardinage et plus d\u2019une centaine de saillies, de ruelles vertes et de tron\u00e7ons champ\u00eatres. Les atouts verts sur le Plateau c\u2019est aussi environ <strong>70 parcs et espaces verts <\/strong>dont le parc Laurier, le parc La fontaine, le parc Lahaie, le square Saint Louis, le parc Baldwin, le champ des possibles, sans oublier l\u2019acc\u00e8s direct au sublime parc du Mont-Royal.&nbsp;<\/p>\n\n\n\n<h3 class=\"wp-block-heading\">Les deux parties du Plateau Mont-Royal et le co\u00fbt d\u2019un logement<\/h3>\n\n\n\n<p>Le quartier est compos\u00e9 du Mile End \u00e0 l\u2019est et de Milton Parc \u00e0 l\u2019ouest. Le quartier est d\u00e9limit\u00e9 par la <strong>rue Sherbrooke<\/strong> au sud et par la <strong>voie ferr\u00e9e au nord du Mile End<\/strong>. Parce que les propri\u00e9taires connaissent l\u2019engouement que la population ainsi que les expatri\u00e9s ont pour l\u2019arrondissement et en particulier par les deux quartiers du Plateau, les loyers comptent parmi les plus chers des quartiers de l\u2019\u00eele. Le prix moyen d\u2019un logement dans le quartier est d\u2019environ 709 $. Commun\u00e9ment nomm\u00e9 \u201cLe Plateau\u201d, le quartier se divise en deux parties qui connaissent toutes deux un ph\u00e9nom\u00e8ne de gentrification depuis quelques ann\u00e9es. De ce fait, il est parfois difficile de trouver un logement dans le quartier du Plateau et il est alors conseill\u00e9 de s\u2019y prendre \u00e0 l\u2019avance afin de tomber sur les meilleures occasions.&nbsp;<\/p>\n\n\n\n<p>En somme, le Plateau Mont-Royal est un des quartiers favoris des Montr\u00e9alais. Il est aussi un quartier bourgeois boh\u00e8me tr\u00e8s \u00e9clectique o\u00f9 r\u00e8gne une ambiance fr\u00e9n\u00e9tique qui pla\u00eet beaucoup en g\u00e9n\u00e9ral aux jeunes et aux expatri\u00e9s en qu\u00eate d\u2019une vie dynamique et conviviale.<\/p>\n\n\n\n<p><strong>Dans la s\u00e9rie Portrait de quartier : <\/strong><\/p>\n\n\n\n<ul class=\"wp-block-list\"><li><a href=\"https:\/\/www.logisquebec.com\/blog\/portrait-de-quartier-hochelaga-maisonneuve\/\">Hochelaga-Maisonneuve<\/a><\/li><li><a href=\"https:\/\/www.logisquebec.com\/blog\/portrait-de-quartier-la-cite-limoilou\/\">La Cit\u00e9 Limoilou<\/a><\/li><li><a href=\"https:\/\/www.logisquebec.com\/blog\/portrait-de-quartier-villeray-parc-extension\/\">Villeray Parc-Extension<\/a><\/li><li><a href=\"https:\/\/www.logisquebec.com\/blog\/portrait-de-quartier-rosemont-la-petite-patrie\/\">Rosemont-La-Petite-Patrie<\/a><\/li><li><a href=\"https:\/\/www.logisquebec.com\/blog\/portrait-de-quartier-quebec-sainte-foy-sillery\/\">Qu\u00e9bec Sainte-Foy\/Sillery<\/a><\/li><\/ul>\n","protected":false},"excerpt":{"rendered":"<p>Le Plateau Mont-Royal est un quartier r\u00e9cent de l\u2019\u00eele de Montr\u00e9al. Il est tr\u00e8s pris\u00e9 par les \u00e9tudiants, les jeunes travailleurs et familles parce qu\u2019il est un quartier dynamique et d\u00e9contract\u00e9 aux rues bord\u00e9es de charmantes maisons mitoyennes. Ses rues principales qui sont l&rsquo;avenue du Mont-Royal et la rue Saint-Denis sont elles jalonn\u00e9es de caf\u00e9s,<\/p>\n","protected":false},"author":1,"featured_media":618,"comment_status":"closed","ping_status":"open","sticky":false,"template":"","format":"standard","meta":{"footnotes":""},"categories":[2],"tags":[],"class_list":{"0":"post-616","1":"post","2":"type-post","3":"status-publish","4":"format-standard","5":"has-post-thumbnail","7":"category-location"},"yoast_head":"<!-- This site is optimized with the Yoast SEO plugin v27.5 - https:\/\/yoast.com\/product\/yoast-seo-wordpress\/ -->\n<title>Portrait de quartier : Plateau Mont-Royal - LogisQu\u00e9bec<\/title>\n<meta name=\"description\" content=\"Le Plateau Mont-Royal est un quartier de l\u2019\u00eele de Montr\u00e9al pris\u00e9 par les \u00e9tudiants, les jeunes travailleurs et familles parce qu\u2019il est dynamique et d\u00e9contract\u00e9.\" \/>\n<meta name=\"robots\" content=\"index, follow, max-snippet:-1, max-image-preview:large, max-video-preview:-1\" \/>\n<link rel=\"canonical\" href=\"https:\/\/www.logisquebec.com\/blog\/portrait-de-quartier-plateau-mont-royal\/\" \/>\n<meta property=\"og:locale\" content=\"fr_CA\" \/>\n<meta property=\"og:type\" content=\"article\" \/>\n<meta property=\"og:title\" content=\"Portrait de quartier : Plateau Mont-Royal - LogisQu\u00e9bec\" \/>\n<meta property=\"og:description\" content=\"Le Plateau Mont-Royal est un quartier de l\u2019\u00eele de Montr\u00e9al pris\u00e9 par les \u00e9tudiants, les jeunes travailleurs et familles parce qu\u2019il est dynamique et d\u00e9contract\u00e9.\" \/>\n<meta property=\"og:url\" content=\"https:\/\/www.logisquebec.com\/blog\/portrait-de-quartier-plateau-mont-royal\/\" \/>\n<meta property=\"og:site_name\" content=\"Le blogue d\u2019informations pratiques sur l\u2019immobilier au Qu\u00e9bec\" \/>\n<meta property=\"article:published_time\" content=\"2020-07-08T18:58:33+00:00\" \/>\n<meta property=\"article:modified_time\" content=\"2021-02-26T15:38:53+00:00\" \/>\n<meta property=\"og:image\" content=\"https:\/\/www.logisquebec.com\/blog\/wp-content\/uploads\/2020\/07\/iStock-187077964_publish.jpg\" \/>\n\t<meta property=\"og:image:width\" content=\"1500\" \/>\n\t<meta property=\"og:image:height\" content=\"800\" \/>\n\t<meta property=\"og:image:type\" content=\"image\/jpeg\" \/>\n<meta name=\"author\" content=\"logisqcadmin\" \/>\n<meta name=\"twitter:card\" content=\"summary_large_image\" \/>\n<meta name=\"twitter:label1\" content=\"\u00c9crit par\" \/>\n\t<meta name=\"twitter:data1\" content=\"logisqcadmin\" \/>\n\t<meta name=\"twitter:label2\" content=\"Estimation du temps de lecture\" \/>\n\t<meta name=\"twitter:data2\" content=\"4 minutes\" \/>\n<script type=\"application\/ld+json\" class=\"yoast-schema-graph\">{\"@context\":\"https:\\\/\\\/schema.org\",\"@graph\":[{\"@type\":\"Article\",\"@id\":\"https:\\\/\\\/www.logisquebec.com\\\/blog\\\/portrait-de-quartier-plateau-mont-royal\\\/#article\",\"isPartOf\":{\"@id\":\"https:\\\/\\\/www.logisquebec.com\\\/blog\\\/portrait-de-quartier-plateau-mont-royal\\\/\"},\"author\":{\"name\":\"logisqcadmin\",\"@id\":\"https:\\\/\\\/www.logisquebec.com\\\/blog\\\/#\\\/schema\\\/person\\\/485391ff3c1a74825d6cd81569a65fc1\"},\"headline\":\"Portrait de quartier : Plateau Mont-Royal\",\"datePublished\":\"2020-07-08T18:58:33+00:00\",\"dateModified\":\"2021-02-26T15:38:53+00:00\",\"mainEntityOfPage\":{\"@id\":\"https:\\\/\\\/www.logisquebec.com\\\/blog\\\/portrait-de-quartier-plateau-mont-royal\\\/\"},\"wordCount\":891,\"image\":{\"@id\":\"https:\\\/\\\/www.logisquebec.com\\\/blog\\\/portrait-de-quartier-plateau-mont-royal\\\/#primaryimage\"},\"thumbnailUrl\":\"https:\\\/\\\/www.logisquebec.com\\\/blog\\\/wp-content\\\/uploads\\\/2020\\\/07\\\/iStock-187077964_publish.jpg\",\"articleSection\":[\"location\"],\"inLanguage\":\"fr-CA\"},{\"@type\":\"WebPage\",\"@id\":\"https:\\\/\\\/www.logisquebec.com\\\/blog\\\/portrait-de-quartier-plateau-mont-royal\\\/\",\"url\":\"https:\\\/\\\/www.logisquebec.com\\\/blog\\\/portrait-de-quartier-plateau-mont-royal\\\/\",\"name\":\"Portrait de quartier : Plateau Mont-Royal - LogisQu\u00e9bec\",\"isPartOf\":{\"@id\":\"https:\\\/\\\/www.logisquebec.com\\\/blog\\\/#website\"},\"primaryImageOfPage\":{\"@id\":\"https:\\\/\\\/www.logisquebec.com\\\/blog\\\/portrait-de-quartier-plateau-mont-royal\\\/#primaryimage\"},\"image\":{\"@id\":\"https:\\\/\\\/www.logisquebec.com\\\/blog\\\/portrait-de-quartier-plateau-mont-royal\\\/#primaryimage\"},\"thumbnailUrl\":\"https:\\\/\\\/www.logisquebec.com\\\/blog\\\/wp-content\\\/uploads\\\/2020\\\/07\\\/iStock-187077964_publish.jpg\",\"datePublished\":\"2020-07-08T18:58:33+00:00\",\"dateModified\":\"2021-02-26T15:38:53+00:00\",\"author\":{\"@id\":\"https:\\\/\\\/www.logisquebec.com\\\/blog\\\/#\\\/schema\\\/person\\\/485391ff3c1a74825d6cd81569a65fc1\"},\"description\":\"Le Plateau Mont-Royal est un quartier de l\u2019\u00eele de Montr\u00e9al pris\u00e9 par les \u00e9tudiants, les jeunes travailleurs et familles parce qu\u2019il est dynamique et d\u00e9contract\u00e9.\",\"breadcrumb\":{\"@id\":\"https:\\\/\\\/www.logisquebec.com\\\/blog\\\/portrait-de-quartier-plateau-mont-royal\\\/#breadcrumb\"},\"inLanguage\":\"fr-CA\",\"potentialAction\":[{\"@type\":\"ReadAction\",\"target\":[\"https:\\\/\\\/www.logisquebec.com\\\/blog\\\/portrait-de-quartier-plateau-mont-royal\\\/\"]}]},{\"@type\":\"ImageObject\",\"inLanguage\":\"fr-CA\",\"@id\":\"https:\\\/\\\/www.logisquebec.com\\\/blog\\\/portrait-de-quartier-plateau-mont-royal\\\/#primaryimage\",\"url\":\"https:\\\/\\\/www.logisquebec.com\\\/blog\\\/wp-content\\\/uploads\\\/2020\\\/07\\\/iStock-187077964_publish.jpg\",\"contentUrl\":\"https:\\\/\\\/www.logisquebec.com\\\/blog\\\/wp-content\\\/uploads\\\/2020\\\/07\\\/iStock-187077964_publish.jpg\",\"width\":1500,\"height\":800,\"caption\":\"Plateau Mont-Royal\"},{\"@type\":\"BreadcrumbList\",\"@id\":\"https:\\\/\\\/www.logisquebec.com\\\/blog\\\/portrait-de-quartier-plateau-mont-royal\\\/#breadcrumb\",\"itemListElement\":[{\"@type\":\"ListItem\",\"position\":1,\"name\":\"Accueil\",\"item\":\"https:\\\/\\\/www.logisquebec.com\\\/blog\\\/\"},{\"@type\":\"ListItem\",\"position\":2,\"name\":\"Portrait de quartier : Plateau Mont-Royal\"}]},{\"@type\":\"WebSite\",\"@id\":\"https:\\\/\\\/www.logisquebec.com\\\/blog\\\/#website\",\"url\":\"https:\\\/\\\/www.logisquebec.com\\\/blog\\\/\",\"name\":\"Le blogue d\u2019informations pratiques sur l\u2019immobilier au Qu\u00e9bec\",\"description\":\"\",\"potentialAction\":[{\"@type\":\"SearchAction\",\"target\":{\"@type\":\"EntryPoint\",\"urlTemplate\":\"https:\\\/\\\/www.logisquebec.com\\\/blog\\\/?s={search_term_string}\"},\"query-input\":{\"@type\":\"PropertyValueSpecification\",\"valueRequired\":true,\"valueName\":\"search_term_string\"}}],\"inLanguage\":\"fr-CA\"},{\"@type\":\"Person\",\"@id\":\"https:\\\/\\\/www.logisquebec.com\\\/blog\\\/#\\\/schema\\\/person\\\/485391ff3c1a74825d6cd81569a65fc1\",\"name\":\"logisqcadmin\",\"image\":{\"@type\":\"ImageObject\",\"inLanguage\":\"fr-CA\",\"@id\":\"https:\\\/\\\/secure.gravatar.com\\\/avatar\\\/5cec006740d02494574351ebd09daf76d50359205188f2f5e3e29023e09b9152?s=96&d=mm&r=g\",\"url\":\"https:\\\/\\\/secure.gravatar.com\\\/avatar\\\/5cec006740d02494574351ebd09daf76d50359205188f2f5e3e29023e09b9152?s=96&d=mm&r=g\",\"contentUrl\":\"https:\\\/\\\/secure.gravatar.com\\\/avatar\\\/5cec006740d02494574351ebd09daf76d50359205188f2f5e3e29023e09b9152?s=96&d=mm&r=g\",\"caption\":\"logisqcadmin\"}}]}<\/script>\n<!-- \/ Yoast SEO plugin. -->","yoast_head_json":{"title":"Portrait de quartier : Plateau Mont-Royal - LogisQu\u00e9bec","description":"Le Plateau Mont-Royal est un quartier de l\u2019\u00eele de Montr\u00e9al pris\u00e9 par les \u00e9tudiants, les jeunes travailleurs et familles parce qu\u2019il est dynamique et d\u00e9contract\u00e9.","robots":{"index":"index","follow":"follow","max-snippet":"max-snippet:-1","max-image-preview":"max-image-preview:large","max-video-preview":"max-video-preview:-1"},"canonical":"https:\/\/www.logisquebec.com\/blog\/portrait-de-quartier-plateau-mont-royal\/","og_locale":"fr_CA","og_type":"article","og_title":"Portrait de quartier : Plateau Mont-Royal - LogisQu\u00e9bec","og_description":"Le Plateau Mont-Royal est un quartier de l\u2019\u00eele de Montr\u00e9al pris\u00e9 par les \u00e9tudiants, les jeunes travailleurs et familles parce qu\u2019il est dynamique et d\u00e9contract\u00e9.","og_url":"https:\/\/www.logisquebec.com\/blog\/portrait-de-quartier-plateau-mont-royal\/","og_site_name":"Le blogue d\u2019informations pratiques sur l\u2019immobilier au Qu\u00e9bec","article_published_time":"2020-07-08T18:58:33+00:00","article_modified_time":"2021-02-26T15:38:53+00:00","og_image":[{"width":1500,"height":800,"url":"https:\/\/www.logisquebec.com\/blog\/wp-content\/uploads\/2020\/07\/iStock-187077964_publish.jpg","type":"image\/jpeg"}],"author":"logisqcadmin","twitter_card":"summary_large_image","twitter_misc":{"\u00c9crit par":"logisqcadmin","Estimation du temps de lecture":"4 minutes"},"schema":{"@context":"https:\/\/schema.org","@graph":[{"@type":"Article","@id":"https:\/\/www.logisquebec.com\/blog\/portrait-de-quartier-plateau-mont-royal\/#article","isPartOf":{"@id":"https:\/\/www.logisquebec.com\/blog\/portrait-de-quartier-plateau-mont-royal\/"},"author":{"name":"logisqcadmin","@id":"https:\/\/www.logisquebec.com\/blog\/#\/schema\/person\/485391ff3c1a74825d6cd81569a65fc1"},"headline":"Portrait de quartier : Plateau Mont-Royal","datePublished":"2020-07-08T18:58:33+00:00","dateModified":"2021-02-26T15:38:53+00:00","mainEntityOfPage":{"@id":"https:\/\/www.logisquebec.com\/blog\/portrait-de-quartier-plateau-mont-royal\/"},"wordCount":891,"image":{"@id":"https:\/\/www.logisquebec.com\/blog\/portrait-de-quartier-plateau-mont-royal\/#primaryimage"},"thumbnailUrl":"https:\/\/www.logisquebec.com\/blog\/wp-content\/uploads\/2020\/07\/iStock-187077964_publish.jpg","articleSection":["location"],"inLanguage":"fr-CA"},{"@type":"WebPage","@id":"https:\/\/www.logisquebec.com\/blog\/portrait-de-quartier-plateau-mont-royal\/","url":"https:\/\/www.logisquebec.com\/blog\/portrait-de-quartier-plateau-mont-royal\/","name":"Portrait de quartier : Plateau Mont-Royal - LogisQu\u00e9bec","isPartOf":{"@id":"https:\/\/www.logisquebec.com\/blog\/#website"},"primaryImageOfPage":{"@id":"https:\/\/www.logisquebec.com\/blog\/portrait-de-quartier-plateau-mont-royal\/#primaryimage"},"image":{"@id":"https:\/\/www.logisquebec.com\/blog\/portrait-de-quartier-plateau-mont-royal\/#primaryimage"},"thumbnailUrl":"https:\/\/www.logisquebec.com\/blog\/wp-content\/uploads\/2020\/07\/iStock-187077964_publish.jpg","datePublished":"2020-07-08T18:58:33+00:00","dateModified":"2021-02-26T15:38:53+00:00","author":{"@id":"https:\/\/www.logisquebec.com\/blog\/#\/schema\/person\/485391ff3c1a74825d6cd81569a65fc1"},"description":"Le Plateau Mont-Royal est un quartier de l\u2019\u00eele de Montr\u00e9al pris\u00e9 par les \u00e9tudiants, les jeunes travailleurs et familles parce qu\u2019il est dynamique et d\u00e9contract\u00e9.","breadcrumb":{"@id":"https:\/\/www.logisquebec.com\/blog\/portrait-de-quartier-plateau-mont-royal\/#breadcrumb"},"inLanguage":"fr-CA","potentialAction":[{"@type":"ReadAction","target":["https:\/\/www.logisquebec.com\/blog\/portrait-de-quartier-plateau-mont-royal\/"]}]},{"@type":"ImageObject","inLanguage":"fr-CA","@id":"https:\/\/www.logisquebec.com\/blog\/portrait-de-quartier-plateau-mont-royal\/#primaryimage","url":"https:\/\/www.logisquebec.com\/blog\/wp-content\/uploads\/2020\/07\/iStock-187077964_publish.jpg","contentUrl":"https:\/\/www.logisquebec.com\/blog\/wp-content\/uploads\/2020\/07\/iStock-187077964_publish.jpg","width":1500,"height":800,"caption":"Plateau Mont-Royal"},{"@type":"BreadcrumbList","@id":"https:\/\/www.logisquebec.com\/blog\/portrait-de-quartier-plateau-mont-royal\/#breadcrumb","itemListElement":[{"@type":"ListItem","position":1,"name":"Accueil","item":"https:\/\/www.logisquebec.com\/blog\/"},{"@type":"ListItem","position":2,"name":"Portrait de quartier : Plateau Mont-Royal"}]},{"@type":"WebSite","@id":"https:\/\/www.logisquebec.com\/blog\/#website","url":"https:\/\/www.logisquebec.com\/blog\/","name":"Le blogue d\u2019informations pratiques sur l\u2019immobilier au Qu\u00e9bec","description":"","potentialAction":[{"@type":"SearchAction","target":{"@type":"EntryPoint","urlTemplate":"https:\/\/www.logisquebec.com\/blog\/?s={search_term_string}"},"query-input":{"@type":"PropertyValueSpecification","valueRequired":true,"valueName":"search_term_string"}}],"inLanguage":"fr-CA"},{"@type":"Person","@id":"https:\/\/www.logisquebec.com\/blog\/#\/schema\/person\/485391ff3c1a74825d6cd81569a65fc1","name":"logisqcadmin","image":{"@type":"ImageObject","inLanguage":"fr-CA","@id":"https:\/\/secure.gravatar.com\/avatar\/5cec006740d02494574351ebd09daf76d50359205188f2f5e3e29023e09b9152?s=96&d=mm&r=g","url":"https:\/\/secure.gravatar.com\/avatar\/5cec006740d02494574351ebd09daf76d50359205188f2f5e3e29023e09b9152?s=96&d=mm&r=g","contentUrl":"https:\/\/secure.gravatar.com\/avatar\/5cec006740d02494574351ebd09daf76d50359205188f2f5e3e29023e09b9152?s=96&d=mm&r=g","caption":"logisqcadmin"}}]}},"_links":{"self":[{"href":"https:\/\/www.logisquebec.com\/blog\/wp-json\/wp\/v2\/posts\/616","targetHints":{"allow":["GET"]}}],"collection":[{"href":"https:\/\/www.logisquebec.com\/blog\/wp-json\/wp\/v2\/posts"}],"about":[{"href":"https:\/\/www.logisquebec.com\/blog\/wp-json\/wp\/v2\/types\/post"}],"author":[{"embeddable":true,"href":"https:\/\/www.logisquebec.com\/blog\/wp-json\/wp\/v2\/users\/1"}],"replies":[{"embeddable":true,"href":"https:\/\/www.logisquebec.com\/blog\/wp-json\/wp\/v2\/comments?post=616"}],"version-history":[{"count":4,"href":"https:\/\/www.logisquebec.com\/blog\/wp-json\/wp\/v2\/posts\/616\/revisions"}],"predecessor-version":[{"id":717,"href":"https:\/\/www.logisquebec.com\/blog\/wp-json\/wp\/v2\/posts\/616\/revisions\/717"}],"wp:featuredmedia":[{"embeddable":true,"href":"https:\/\/www.logisquebec.com\/blog\/wp-json\/wp\/v2\/media\/618"}],"wp:attachment":[{"href":"https:\/\/www.logisquebec.com\/blog\/wp-json\/wp\/v2\/media?parent=616"}],"wp:term":[{"taxonomy":"category","embeddable":true,"href":"https:\/\/www.logisquebec.com\/blog\/wp-json\/wp\/v2\/categories?post=616"},{"taxonomy":"post_tag","embeddable":true,"href":"https:\/\/www.logisquebec.com\/blog\/wp-json\/wp\/v2\/tags?post=616"}],"curies":[{"name":"wp","href":"https:\/\/api.w.org\/{rel}","templated":true}]}}