{"id":682,"date":"2020-11-25T16:38:27","date_gmt":"2020-11-25T16:38:27","guid":{"rendered":"https:\/\/www.logisquebec.com\/blog\/?p=682"},"modified":"2021-02-26T15:37:08","modified_gmt":"2021-02-26T15:37:08","slug":"portrait-de-quartier-rosemont-la-petite-patrie","status":"publish","type":"post","link":"https:\/\/www.logisquebec.com\/blog\/portrait-de-quartier-rosemont-la-petite-patrie\/","title":{"rendered":"Portrait de quartier : Rosemont-La-Petite-Patrie"},"content":{"rendered":"\n<p><a href=\"https:\/\/www.logisquebec.com\/a-louer\/ile-de-montreal\/rosemont_la-petite-patrie\">Rosemont-La-Petite-Patrie<\/a> est un quartier tr\u00e8s attrayant pour les jeunes familles. Il offre une grande vari\u00e9t\u00e9 de logements (duplex, triplex, unifamiliales) \u00e0 prix abordable. Le quartier est \u00e9galement tr\u00e8s bien desservi par les transports en commun et les BIXI. On retrouve aussi de nombreux restaurants et bars.<\/p>\n\n\n\n<p>Cet arrondissement est l\u2019un des plus verts \u00e0 Montr\u00e9al. Il y a 57 ruelles vertes dans le quartier de Rosemont-La-Petite-Patrie. Il s\u2019agit de l\u2019arrondissement qui comporte le plus de ruelles vertes \u00e0 Montr\u00e9al. Cet arrondissement a \u00e9galement \u00e9t\u00e9 premier \u00e0 offrir la collecte de compost sur son territoire.&nbsp;<\/p>\n\n\n\n<h2 class=\"wp-block-heading\">Qui habite \u00e0 Rosemont-La-Petite Patrie?&nbsp;<\/h2>\n\n\n\n<p>Rosemont-La-Petit-Patrie est au 3e rang des 19 arrondissements en ce qui concerne la taille de sa population. Ses habitants repr\u00e9sentent 8,2 % de la population. Sa population a augment\u00e9 de 4,1% entre 2011 et 2016, ce qui repr\u00e9sente 5552 habitants de plus. Elle est compos\u00e9e \u00e0 52% de femmes contre 48% d\u2019hommes. La moiti\u00e9 des m\u00e9nages est compos\u00e9e de personnes vivant seules contre 41% pour l\u2019\u00eele de Montr\u00e9al.&nbsp;&nbsp;<\/p>\n\n\n\n<p>Les 25 \u00e0 44 ans sont la tranche d\u2019\u00e2ge la plus nombreuse. Ils repr\u00e9sentent plus de la moiti\u00e9 des habitants. <strong>23,5% de la population<\/strong> est \u00e2g\u00e9e de moins de 25 ans.&nbsp;&nbsp;<\/p>\n\n\n\n<h3 class=\"wp-block-heading\">Un quartier pour les jeunes familles&nbsp;<\/h3>\n\n\n\n<p>L\u2019arrondissement compte au total <strong>32 585 familles<\/strong>. Parmi elles, on d\u00e9nombre 25 875 familles avec conjoint (79%) et 6710 familles monoparentales (21%).&nbsp;&nbsp;<\/p>\n\n\n\n<p>Parmi les familles avec conjoints, 47,5% sont des couples mari\u00e9s et 52,5% vivent en union libre. 54% des familles avec conjoints n\u2019ont pas d\u2019enfants et 46% ont un ou plusieurs enfants. Parmi les couples avec enfants, 45% n\u2019ont qu\u2019un seul enfant, 42% en ont deux et 13% ont au moins 3 enfants.&nbsp;&nbsp;<\/p>\n\n\n\n<p>L\u2019arrondissement de Rosemont-La-Petite Patrie compte 18 570 familles avec enfants. 64% d\u2019entre elles ont deux parents et 36% d\u2019entre elles sont des familles monoparentales. 79% des familles monoparentales sont dirig\u00e9es par une femme. Les autres (21%) sont dirig\u00e9s par un homme.&nbsp;&nbsp;<\/p>\n\n\n\n<p>La majorit\u00e9 des familles monoparentales (69%) n\u2019ont qu\u2019un seul enfant. 25% d\u2019entre elles ont deux enfants et 6% ont plus de trois enfants.&nbsp;<\/p>\n\n\n\n<h3 class=\"wp-block-heading\">Une population tr\u00e8s francophone et bilingue&nbsp;<\/h3>\n\n\n\n<p>97% des habitants de Rosemont-La-Patrie savent parler fran\u00e7ais. De plus, 60% de la population du quartier savent parler le fran\u00e7ais et l\u2019anglais couramment. 6% des habitants parlent plus d\u2019une langue \u00e0 la maison.&nbsp;&nbsp;&nbsp;&nbsp;<\/p>\n\n\n\n<h3 class=\"wp-block-heading\">Un quartier accueillant pour les immigrants&nbsp;&nbsp;<\/h3>\n\n\n\n<p><strong>20%<\/strong> des habitants de Rosemont-La-Petite-Patrie sont des personnes immigrantes et 4% ont un statut de r\u00e9fugi\u00e9s permanents. Le quart des personnes immigrantes sont des nouveaux arrivants. La France est le principal pays d\u2019origine des personnes immigrantes. <strong>27%<\/strong> d\u2019entre elles proviennent de ce pays.&nbsp;&nbsp;<\/p>\n\n\n\n<h3 class=\"wp-block-heading\">Une population de plus en plus \u00e9duqu\u00e9e&nbsp;<\/h3>\n\n\n\n<p>Le taux de diplomation du quartier a beaucoup augment\u00e9 entre 2006 et 2016. 36,6% des 15 ans et plus ont maintenant un dipl\u00f4me universitaire. Parmi elles, 42% ont un dipl\u00f4me sup\u00e9rieur au baccalaur\u00e9at universitaire. Seulement 12% des habitants ne d\u00e9tiennent aucun dipl\u00f4me.&nbsp;&nbsp;&nbsp;<\/p>\n\n\n\n<h3 class=\"wp-block-heading\">Un revenu sup\u00e9rieur \u00e0 la moyenne&nbsp;&nbsp;<\/h3>\n\n\n\n<p>Le revenu moyen des m\u00e9nages a connu une augmentation significative entre 2005 et 2015 passant de 32 057 $ \u00e0 52 522 $. Le taux de ch\u00f4mage est de 7,5%. Toutefois, contrairement aux autres types de m\u00e9nages, la situation \u00e9conomique des familles monoparentales a consid\u00e9rablement diminu\u00e9.&nbsp;&nbsp;&nbsp;<\/p>\n\n\n\n<p>Les couples avec enfants sont la cat\u00e9gorie de m\u00e9nage avec le revenu le plus \u00e9lev\u00e9 (85 980$). \u00c0 l\u2019inverse, les familles monoparentales (31 665$) et les personnes vivant seules (30 075$) ont le revenu le plus bas.&nbsp;<\/p>\n\n\n\n<p>Les 65 ans et plus sont tr\u00e8s touch\u00e9s par la pauvret\u00e9. 25% d\u2019entre eux sont sous le seuil du faible revenu comparativement \u00e0 16% pour l\u2019ensemble de l\u2019\u00eele de Montr\u00e9al.&nbsp;&nbsp;<\/p>\n\n\n\n<h2 class=\"wp-block-heading\">Quel est l\u2019\u00e9tat des logements?&nbsp;&nbsp;<\/h2>\n\n\n\n<p>L&rsquo;arrondissement de Rosemont-La-Petite-Patrie est compos\u00e9 majoritairement de locataires. Ces derniers repr\u00e9sentent 70 % des habitants du quartier. Cette proportion a diminu\u00e9 alors qu\u2019elle \u00e9tait \u00e0 77% en 2006. Cela est d\u00fb entre autres aux logements locatifs qui sont convertis en condos. En effet, depuis 1991, plus de 20% du parc locatif a \u00e9t\u00e9 converti en copropri\u00e9t\u00e9s. La valeur fonci\u00e8re des logements a \u00e9galement augment\u00e9 de 72% entre 2006 et 2016.&nbsp;&nbsp;<\/p>\n\n\n\n<p>Le <strong>loyer moyen est de 817 $ par mois<\/strong>, soit une hausse de 217$ par mois depuis 2006. Le type de logement le plus fr\u00e9quent est l\u2019appartement faisant partie d\u2019un immeuble de moins de 5 \u00e9tages. Il repr\u00e9sente 74,6% de l\u2019ensemble du parc locatif de cet arrondissement.&nbsp;&nbsp;&nbsp;<\/p>\n\n\n\n<p>L\u2019arrondissement compte 1462 logements sociaux. Toutefois, ce nombre est loin de satisfaire \u00e0 la demande puisque 6000 m\u00e9nages consacrent plus de 30% de leur revenu pour se loger. Il s\u2019agit de 34% des m\u00e9nages locataires du quartier. Pr\u00e8s de 70% des m\u00e9nages locataires n\u2019ont qu\u2019un seul soutien, c\u2019est-\u00e0-dire qu\u2019une seule personne est responsable de payer le loyer, ou l\u2019hypoth\u00e8que, les taxes, l\u2019\u00e9lectricit\u00e9 et les services publics.<\/p>\n\n\n\n<p><strong>Dans la s\u00e9rie Portrait de quartier : <\/strong><\/p>\n\n\n\n<ul class=\"wp-block-list\"><li><a href=\"https:\/\/www.logisquebec.com\/blog\/portrait-de-quartier-hochelaga-maisonneuve\/\">Hochelaga-Maisonneuve<\/a><\/li><li><a href=\"https:\/\/www.logisquebec.com\/blog\/portrait-de-quartier-la-cite-limoilou\/\">La Cit\u00e9 Limoilou<\/a><\/li><li><a href=\"https:\/\/www.logisquebec.com\/blog\/portrait-de-quartier-villeray-parc-extension\/\">Villeray Parc-Extension<\/a><\/li><li><a href=\"https:\/\/www.logisquebec.com\/blog\/portrait-de-quartier-plateau-mont-royal\/\">Le Plateau Mont-Royal<\/a><\/li><li><a href=\"https:\/\/www.logisquebec.com\/blog\/portrait-de-quartier-quebec-sainte-foy-sillery\/\">Qu\u00e9bec Sainte-Foy\/Sillery<\/a><\/li><\/ul>\n","protected":false},"excerpt":{"rendered":"<p>Rosemont-La-Petite-Patrie est un quartier tr\u00e8s attrayant pour les jeunes familles. Il offre une grande vari\u00e9t\u00e9 de logements (duplex, triplex, unifamiliales) \u00e0 prix abordable. Le quartier est \u00e9galement tr\u00e8s bien desservi par les transports en commun et les BIXI. On retrouve aussi de nombreux restaurants et bars. Cet arrondissement est l\u2019un des plus verts \u00e0 Montr\u00e9al.<\/p>\n","protected":false},"author":1,"featured_media":686,"comment_status":"closed","ping_status":"open","sticky":false,"template":"","format":"standard","meta":{"footnotes":""},"categories":[2],"tags":[],"class_list":{"0":"post-682","1":"post","2":"type-post","3":"status-publish","4":"format-standard","5":"has-post-thumbnail","7":"category-location"},"yoast_head":"<!-- This site is optimized with the Yoast SEO plugin v27.5 - https:\/\/yoast.com\/product\/yoast-seo-wordpress\/ -->\n<title>Portrait de quartier : Rosemont-La-Petite-Patrie - LogisQu\u00e9bec<\/title>\n<meta name=\"description\" content=\"Avec des logements \u00e0 prix abordable, Rosemont-La-Petite-Patrie est un quartier tr\u00e8s pris\u00e9 pour les jeunes familles. Elle est \u00e9galement bien desservie.\" \/>\n<meta name=\"robots\" content=\"index, follow, max-snippet:-1, max-image-preview:large, max-video-preview:-1\" \/>\n<link rel=\"canonical\" href=\"https:\/\/www.logisquebec.com\/blog\/portrait-de-quartier-rosemont-la-petite-patrie\/\" \/>\n<meta property=\"og:locale\" content=\"fr_CA\" \/>\n<meta property=\"og:type\" content=\"article\" \/>\n<meta property=\"og:title\" content=\"Portrait de quartier : Rosemont-La-Petite-Patrie - LogisQu\u00e9bec\" \/>\n<meta property=\"og:description\" content=\"Avec des logements \u00e0 prix abordable, Rosemont-La-Petite-Patrie est un quartier tr\u00e8s pris\u00e9 pour les jeunes familles. Elle est \u00e9galement bien desservie.\" \/>\n<meta property=\"og:url\" content=\"https:\/\/www.logisquebec.com\/blog\/portrait-de-quartier-rosemont-la-petite-patrie\/\" \/>\n<meta property=\"og:site_name\" content=\"Le blogue d\u2019informations pratiques sur l\u2019immobilier au Qu\u00e9bec\" \/>\n<meta property=\"article:published_time\" content=\"2020-11-25T16:38:27+00:00\" \/>\n<meta property=\"article:modified_time\" content=\"2021-02-26T15:37:08+00:00\" \/>\n<meta property=\"og:image\" content=\"https:\/\/www.logisquebec.com\/blog\/wp-content\/uploads\/2020\/11\/iStock-1128739321_publish.jpg\" \/>\n\t<meta property=\"og:image:width\" content=\"866\" \/>\n\t<meta property=\"og:image:height\" content=\"520\" \/>\n\t<meta property=\"og:image:type\" content=\"image\/jpeg\" \/>\n<meta name=\"author\" content=\"logisqcadmin\" \/>\n<meta name=\"twitter:card\" content=\"summary_large_image\" \/>\n<meta name=\"twitter:label1\" content=\"\u00c9crit par\" \/>\n\t<meta name=\"twitter:data1\" content=\"logisqcadmin\" \/>\n\t<meta name=\"twitter:label2\" content=\"Estimation du temps de lecture\" \/>\n\t<meta name=\"twitter:data2\" content=\"4 minutes\" \/>\n<script type=\"application\/ld+json\" class=\"yoast-schema-graph\">{\"@context\":\"https:\\\/\\\/schema.org\",\"@graph\":[{\"@type\":\"Article\",\"@id\":\"https:\\\/\\\/www.logisquebec.com\\\/blog\\\/portrait-de-quartier-rosemont-la-petite-patrie\\\/#article\",\"isPartOf\":{\"@id\":\"https:\\\/\\\/www.logisquebec.com\\\/blog\\\/portrait-de-quartier-rosemont-la-petite-patrie\\\/\"},\"author\":{\"name\":\"logisqcadmin\",\"@id\":\"https:\\\/\\\/www.logisquebec.com\\\/blog\\\/#\\\/schema\\\/person\\\/485391ff3c1a74825d6cd81569a65fc1\"},\"headline\":\"Portrait de quartier : Rosemont-La-Petite-Patrie\",\"datePublished\":\"2020-11-25T16:38:27+00:00\",\"dateModified\":\"2021-02-26T15:37:08+00:00\",\"mainEntityOfPage\":{\"@id\":\"https:\\\/\\\/www.logisquebec.com\\\/blog\\\/portrait-de-quartier-rosemont-la-petite-patrie\\\/\"},\"wordCount\":839,\"image\":{\"@id\":\"https:\\\/\\\/www.logisquebec.com\\\/blog\\\/portrait-de-quartier-rosemont-la-petite-patrie\\\/#primaryimage\"},\"thumbnailUrl\":\"https:\\\/\\\/www.logisquebec.com\\\/blog\\\/wp-content\\\/uploads\\\/2020\\\/11\\\/iStock-1128739321_publish.jpg\",\"articleSection\":[\"location\"],\"inLanguage\":\"fr-CA\"},{\"@type\":\"WebPage\",\"@id\":\"https:\\\/\\\/www.logisquebec.com\\\/blog\\\/portrait-de-quartier-rosemont-la-petite-patrie\\\/\",\"url\":\"https:\\\/\\\/www.logisquebec.com\\\/blog\\\/portrait-de-quartier-rosemont-la-petite-patrie\\\/\",\"name\":\"Portrait de quartier : Rosemont-La-Petite-Patrie - LogisQu\u00e9bec\",\"isPartOf\":{\"@id\":\"https:\\\/\\\/www.logisquebec.com\\\/blog\\\/#website\"},\"primaryImageOfPage\":{\"@id\":\"https:\\\/\\\/www.logisquebec.com\\\/blog\\\/portrait-de-quartier-rosemont-la-petite-patrie\\\/#primaryimage\"},\"image\":{\"@id\":\"https:\\\/\\\/www.logisquebec.com\\\/blog\\\/portrait-de-quartier-rosemont-la-petite-patrie\\\/#primaryimage\"},\"thumbnailUrl\":\"https:\\\/\\\/www.logisquebec.com\\\/blog\\\/wp-content\\\/uploads\\\/2020\\\/11\\\/iStock-1128739321_publish.jpg\",\"datePublished\":\"2020-11-25T16:38:27+00:00\",\"dateModified\":\"2021-02-26T15:37:08+00:00\",\"author\":{\"@id\":\"https:\\\/\\\/www.logisquebec.com\\\/blog\\\/#\\\/schema\\\/person\\\/485391ff3c1a74825d6cd81569a65fc1\"},\"description\":\"Avec des logements \u00e0 prix abordable, Rosemont-La-Petite-Patrie est un quartier tr\u00e8s pris\u00e9 pour les jeunes familles. Elle est \u00e9galement bien desservie.\",\"breadcrumb\":{\"@id\":\"https:\\\/\\\/www.logisquebec.com\\\/blog\\\/portrait-de-quartier-rosemont-la-petite-patrie\\\/#breadcrumb\"},\"inLanguage\":\"fr-CA\",\"potentialAction\":[{\"@type\":\"ReadAction\",\"target\":[\"https:\\\/\\\/www.logisquebec.com\\\/blog\\\/portrait-de-quartier-rosemont-la-petite-patrie\\\/\"]}]},{\"@type\":\"ImageObject\",\"inLanguage\":\"fr-CA\",\"@id\":\"https:\\\/\\\/www.logisquebec.com\\\/blog\\\/portrait-de-quartier-rosemont-la-petite-patrie\\\/#primaryimage\",\"url\":\"https:\\\/\\\/www.logisquebec.com\\\/blog\\\/wp-content\\\/uploads\\\/2020\\\/11\\\/iStock-1128739321_publish.jpg\",\"contentUrl\":\"https:\\\/\\\/www.logisquebec.com\\\/blog\\\/wp-content\\\/uploads\\\/2020\\\/11\\\/iStock-1128739321_publish.jpg\",\"width\":866,\"height\":520,\"caption\":\"Rosemont-La-Petite-Patrie\"},{\"@type\":\"BreadcrumbList\",\"@id\":\"https:\\\/\\\/www.logisquebec.com\\\/blog\\\/portrait-de-quartier-rosemont-la-petite-patrie\\\/#breadcrumb\",\"itemListElement\":[{\"@type\":\"ListItem\",\"position\":1,\"name\":\"Accueil\",\"item\":\"https:\\\/\\\/www.logisquebec.com\\\/blog\\\/\"},{\"@type\":\"ListItem\",\"position\":2,\"name\":\"Portrait de quartier : Rosemont-La-Petite-Patrie\"}]},{\"@type\":\"WebSite\",\"@id\":\"https:\\\/\\\/www.logisquebec.com\\\/blog\\\/#website\",\"url\":\"https:\\\/\\\/www.logisquebec.com\\\/blog\\\/\",\"name\":\"Le blogue d\u2019informations pratiques sur l\u2019immobilier au Qu\u00e9bec\",\"description\":\"\",\"potentialAction\":[{\"@type\":\"SearchAction\",\"target\":{\"@type\":\"EntryPoint\",\"urlTemplate\":\"https:\\\/\\\/www.logisquebec.com\\\/blog\\\/?s={search_term_string}\"},\"query-input\":{\"@type\":\"PropertyValueSpecification\",\"valueRequired\":true,\"valueName\":\"search_term_string\"}}],\"inLanguage\":\"fr-CA\"},{\"@type\":\"Person\",\"@id\":\"https:\\\/\\\/www.logisquebec.com\\\/blog\\\/#\\\/schema\\\/person\\\/485391ff3c1a74825d6cd81569a65fc1\",\"name\":\"logisqcadmin\",\"image\":{\"@type\":\"ImageObject\",\"inLanguage\":\"fr-CA\",\"@id\":\"https:\\\/\\\/secure.gravatar.com\\\/avatar\\\/5cec006740d02494574351ebd09daf76d50359205188f2f5e3e29023e09b9152?s=96&d=mm&r=g\",\"url\":\"https:\\\/\\\/secure.gravatar.com\\\/avatar\\\/5cec006740d02494574351ebd09daf76d50359205188f2f5e3e29023e09b9152?s=96&d=mm&r=g\",\"contentUrl\":\"https:\\\/\\\/secure.gravatar.com\\\/avatar\\\/5cec006740d02494574351ebd09daf76d50359205188f2f5e3e29023e09b9152?s=96&d=mm&r=g\",\"caption\":\"logisqcadmin\"}}]}<\/script>\n<!-- \/ Yoast SEO plugin. -->","yoast_head_json":{"title":"Portrait de quartier : Rosemont-La-Petite-Patrie - LogisQu\u00e9bec","description":"Avec des logements \u00e0 prix abordable, Rosemont-La-Petite-Patrie est un quartier tr\u00e8s pris\u00e9 pour les jeunes familles. Elle est \u00e9galement bien desservie.","robots":{"index":"index","follow":"follow","max-snippet":"max-snippet:-1","max-image-preview":"max-image-preview:large","max-video-preview":"max-video-preview:-1"},"canonical":"https:\/\/www.logisquebec.com\/blog\/portrait-de-quartier-rosemont-la-petite-patrie\/","og_locale":"fr_CA","og_type":"article","og_title":"Portrait de quartier : Rosemont-La-Petite-Patrie - LogisQu\u00e9bec","og_description":"Avec des logements \u00e0 prix abordable, Rosemont-La-Petite-Patrie est un quartier tr\u00e8s pris\u00e9 pour les jeunes familles. Elle est \u00e9galement bien desservie.","og_url":"https:\/\/www.logisquebec.com\/blog\/portrait-de-quartier-rosemont-la-petite-patrie\/","og_site_name":"Le blogue d\u2019informations pratiques sur l\u2019immobilier au Qu\u00e9bec","article_published_time":"2020-11-25T16:38:27+00:00","article_modified_time":"2021-02-26T15:37:08+00:00","og_image":[{"width":866,"height":520,"url":"https:\/\/www.logisquebec.com\/blog\/wp-content\/uploads\/2020\/11\/iStock-1128739321_publish.jpg","type":"image\/jpeg"}],"author":"logisqcadmin","twitter_card":"summary_large_image","twitter_misc":{"\u00c9crit par":"logisqcadmin","Estimation du temps de lecture":"4 minutes"},"schema":{"@context":"https:\/\/schema.org","@graph":[{"@type":"Article","@id":"https:\/\/www.logisquebec.com\/blog\/portrait-de-quartier-rosemont-la-petite-patrie\/#article","isPartOf":{"@id":"https:\/\/www.logisquebec.com\/blog\/portrait-de-quartier-rosemont-la-petite-patrie\/"},"author":{"name":"logisqcadmin","@id":"https:\/\/www.logisquebec.com\/blog\/#\/schema\/person\/485391ff3c1a74825d6cd81569a65fc1"},"headline":"Portrait de quartier : Rosemont-La-Petite-Patrie","datePublished":"2020-11-25T16:38:27+00:00","dateModified":"2021-02-26T15:37:08+00:00","mainEntityOfPage":{"@id":"https:\/\/www.logisquebec.com\/blog\/portrait-de-quartier-rosemont-la-petite-patrie\/"},"wordCount":839,"image":{"@id":"https:\/\/www.logisquebec.com\/blog\/portrait-de-quartier-rosemont-la-petite-patrie\/#primaryimage"},"thumbnailUrl":"https:\/\/www.logisquebec.com\/blog\/wp-content\/uploads\/2020\/11\/iStock-1128739321_publish.jpg","articleSection":["location"],"inLanguage":"fr-CA"},{"@type":"WebPage","@id":"https:\/\/www.logisquebec.com\/blog\/portrait-de-quartier-rosemont-la-petite-patrie\/","url":"https:\/\/www.logisquebec.com\/blog\/portrait-de-quartier-rosemont-la-petite-patrie\/","name":"Portrait de quartier : Rosemont-La-Petite-Patrie - LogisQu\u00e9bec","isPartOf":{"@id":"https:\/\/www.logisquebec.com\/blog\/#website"},"primaryImageOfPage":{"@id":"https:\/\/www.logisquebec.com\/blog\/portrait-de-quartier-rosemont-la-petite-patrie\/#primaryimage"},"image":{"@id":"https:\/\/www.logisquebec.com\/blog\/portrait-de-quartier-rosemont-la-petite-patrie\/#primaryimage"},"thumbnailUrl":"https:\/\/www.logisquebec.com\/blog\/wp-content\/uploads\/2020\/11\/iStock-1128739321_publish.jpg","datePublished":"2020-11-25T16:38:27+00:00","dateModified":"2021-02-26T15:37:08+00:00","author":{"@id":"https:\/\/www.logisquebec.com\/blog\/#\/schema\/person\/485391ff3c1a74825d6cd81569a65fc1"},"description":"Avec des logements \u00e0 prix abordable, Rosemont-La-Petite-Patrie est un quartier tr\u00e8s pris\u00e9 pour les jeunes familles. Elle est \u00e9galement bien desservie.","breadcrumb":{"@id":"https:\/\/www.logisquebec.com\/blog\/portrait-de-quartier-rosemont-la-petite-patrie\/#breadcrumb"},"inLanguage":"fr-CA","potentialAction":[{"@type":"ReadAction","target":["https:\/\/www.logisquebec.com\/blog\/portrait-de-quartier-rosemont-la-petite-patrie\/"]}]},{"@type":"ImageObject","inLanguage":"fr-CA","@id":"https:\/\/www.logisquebec.com\/blog\/portrait-de-quartier-rosemont-la-petite-patrie\/#primaryimage","url":"https:\/\/www.logisquebec.com\/blog\/wp-content\/uploads\/2020\/11\/iStock-1128739321_publish.jpg","contentUrl":"https:\/\/www.logisquebec.com\/blog\/wp-content\/uploads\/2020\/11\/iStock-1128739321_publish.jpg","width":866,"height":520,"caption":"Rosemont-La-Petite-Patrie"},{"@type":"BreadcrumbList","@id":"https:\/\/www.logisquebec.com\/blog\/portrait-de-quartier-rosemont-la-petite-patrie\/#breadcrumb","itemListElement":[{"@type":"ListItem","position":1,"name":"Accueil","item":"https:\/\/www.logisquebec.com\/blog\/"},{"@type":"ListItem","position":2,"name":"Portrait de quartier : Rosemont-La-Petite-Patrie"}]},{"@type":"WebSite","@id":"https:\/\/www.logisquebec.com\/blog\/#website","url":"https:\/\/www.logisquebec.com\/blog\/","name":"Le blogue d\u2019informations pratiques sur l\u2019immobilier au Qu\u00e9bec","description":"","potentialAction":[{"@type":"SearchAction","target":{"@type":"EntryPoint","urlTemplate":"https:\/\/www.logisquebec.com\/blog\/?s={search_term_string}"},"query-input":{"@type":"PropertyValueSpecification","valueRequired":true,"valueName":"search_term_string"}}],"inLanguage":"fr-CA"},{"@type":"Person","@id":"https:\/\/www.logisquebec.com\/blog\/#\/schema\/person\/485391ff3c1a74825d6cd81569a65fc1","name":"logisqcadmin","image":{"@type":"ImageObject","inLanguage":"fr-CA","@id":"https:\/\/secure.gravatar.com\/avatar\/5cec006740d02494574351ebd09daf76d50359205188f2f5e3e29023e09b9152?s=96&d=mm&r=g","url":"https:\/\/secure.gravatar.com\/avatar\/5cec006740d02494574351ebd09daf76d50359205188f2f5e3e29023e09b9152?s=96&d=mm&r=g","contentUrl":"https:\/\/secure.gravatar.com\/avatar\/5cec006740d02494574351ebd09daf76d50359205188f2f5e3e29023e09b9152?s=96&d=mm&r=g","caption":"logisqcadmin"}}]}},"_links":{"self":[{"href":"https:\/\/www.logisquebec.com\/blog\/wp-json\/wp\/v2\/posts\/682","targetHints":{"allow":["GET"]}}],"collection":[{"href":"https:\/\/www.logisquebec.com\/blog\/wp-json\/wp\/v2\/posts"}],"about":[{"href":"https:\/\/www.logisquebec.com\/blog\/wp-json\/wp\/v2\/types\/post"}],"author":[{"embeddable":true,"href":"https:\/\/www.logisquebec.com\/blog\/wp-json\/wp\/v2\/users\/1"}],"replies":[{"embeddable":true,"href":"https:\/\/www.logisquebec.com\/blog\/wp-json\/wp\/v2\/comments?post=682"}],"version-history":[{"count":3,"href":"https:\/\/www.logisquebec.com\/blog\/wp-json\/wp\/v2\/posts\/682\/revisions"}],"predecessor-version":[{"id":712,"href":"https:\/\/www.logisquebec.com\/blog\/wp-json\/wp\/v2\/posts\/682\/revisions\/712"}],"wp:featuredmedia":[{"embeddable":true,"href":"https:\/\/www.logisquebec.com\/blog\/wp-json\/wp\/v2\/media\/686"}],"wp:attachment":[{"href":"https:\/\/www.logisquebec.com\/blog\/wp-json\/wp\/v2\/media?parent=682"}],"wp:term":[{"taxonomy":"category","embeddable":true,"href":"https:\/\/www.logisquebec.com\/blog\/wp-json\/wp\/v2\/categories?post=682"},{"taxonomy":"post_tag","embeddable":true,"href":"https:\/\/www.logisquebec.com\/blog\/wp-json\/wp\/v2\/tags?post=682"}],"curies":[{"name":"wp","href":"https:\/\/api.w.org\/{rel}","templated":true}]}}