{"id":924,"date":"2023-04-26T13:23:01","date_gmt":"2023-04-26T13:23:01","guid":{"rendered":"https:\/\/www.logisquebec.com\/blog\/?p=924"},"modified":"2023-06-05T19:36:20","modified_gmt":"2023-06-05T19:36:20","slug":"quelles-sont-les-previsions-du-marche-immobilier-en-2023","status":"publish","type":"post","link":"https:\/\/www.logisquebec.com\/blog\/quelles-sont-les-previsions-du-marche-immobilier-en-2023\/","title":{"rendered":"Quelles sont les pr\u00e9visions du march\u00e9 immobilier en 2023?"},"content":{"rendered":"\n<p>2022 n\u2019aura pas \u00e9t\u00e9 de tout repos pour les acheteurs et les vendeurs. Entre l\u2019augmentation des prix du march\u00e9 immobilier et la hausse des taux d\u2019int\u00e9r\u00eats des pr\u00eats hypoth\u00e9caires, le prix des propri\u00e9t\u00e9s a connu une tendance haussi\u00e8re.<\/p>\n\n\n\n<p>Dans le cadre de la conf\u00e9rence \u00ab\u00a0Fen\u00eatre sur le march\u00e9 immobilier\u00a0\u00bb, l\u2019Association professionnelle des courtiers immobiliers du Qu\u00e9bec (APCIQ) a pr\u00e9sent\u00e9 son bilan de l&rsquo;ann\u00e9e. Le prix m\u00e9dian a enregistr\u00e9 en 2022 un record sur l&rsquo;ensemble des cat\u00e9gories de propri\u00e9t\u00e9s, avec la maison unifamiliale en t\u00eate de liste. Le prix des maisons unifamiliales a connu une <strong>hausse des prix de 13\u2009% par rapport \u00e0 2021<\/strong>. Les ventes immobili\u00e8res ont connu, de leur c\u00f4t\u00e9, un recul historique de 20 %.<\/p>\n\n\n\n<p>Selon Charles Brant, directeur du Service de l\u2019analyse de march\u00e9 de l\u2019APCIQ, la hausse fulgurante du taux directeur a \u00e9t\u00e9 de 4 points de pourcentage en moins de 10 ans:&nbsp; \u201c<em>Elle a \u00e9branl\u00e9 le march\u00e9 de revente qui \u00e9tait aliment\u00e9, pour les six premiers mois de l\u2019ann\u00e9e, par la souscription d\u2019hypoth\u00e8ques \u00e0 taux variable<\/em>\u201d a-t-il d\u00e9clar\u00e9. Depuis mai 2022, le prix m\u00e9dian s\u2019inscrit dans une tendance baissi\u00e8re, sur une base mensuelle cons\u00e9cutive.<\/p>\n\n\n\n<p>Charles Brant ajoute que le ph\u00e9nom\u00e8ne de surench\u00e8re a atteint son paroxysme en raison de:<\/p>\n\n\n\n<ul class=\"wp-block-list\">\n<li>L\u2019anticipation de la hausse des taux d\u2019int\u00e9r\u00eats par la Banque du Canada<\/li>\n\n\n\n<li>L&rsquo;atteinte record du taux variable<\/li>\n\n\n\n<li><strong>L&rsquo;\u00e9volution des taux fixes \u00e0 la fin de l&rsquo;ann\u00e9e 2021<\/strong><\/li>\n<\/ul>\n\n\n\n<p>L\u2019APCIQ a pr\u00e9sent\u00e9 ses perspectives 2023 pour le march\u00e9 qu\u00e9b\u00e9cois. Quelles sont donc les pr\u00e9visions du march\u00e9 immobilier en 2023?<\/p>\n\n\n\n<h2 class=\"wp-block-heading\">Quelles sont les pr\u00e9visions du march\u00e9 immobilier en 2023?<\/h2>\n\n\n\n<h3 class=\"wp-block-heading\">Une hausse du march\u00e9 du logement h\u00e9t\u00e9rog\u00e8ne<\/h3>\n\n\n\n<p>Certaines r\u00e9gions sont plus expos\u00e9es que d&rsquo;autres en raison d&rsquo;une hausse des taux d\u2019int\u00e9r\u00eats combin\u00e9e \u00e0 des niveaux de prix record. Le march\u00e9 Montr\u00e9alais est en t\u00eate de liste. Le prix des logements est plus \u00e9lev\u00e9 que le pouvoir d\u2019achat des m\u00e9nages. \u00c0 l&rsquo;est du Qu\u00e9bec, le march\u00e9 immobilier conna\u00eet \u00e9galement cette tendance, mais il r\u00e9siste aux importantes hausses de prix.<\/p>\n\n\n\n<h3 class=\"wp-block-heading\">Une demande sup\u00e9rieure \u00e0 l&rsquo;offre pour les logements neufs<\/h3>\n\n\n\n<p>Le march\u00e9 immobilier au Qu\u00e9bec des derni\u00e8res ann\u00e9es sera marqu\u00e9 dans les m\u00e9moires. Le d\u00e9ficit de logements, une cons\u00e9quence directe du retard de l\u2019activit\u00e9 de la construction, provoque une baisse des ventes. Cette phase de ralentissement des ventes du dernier trimestre de 2022 devrait avoir un <strong>impact sur le prix moyen des propri\u00e9t\u00e9s en 2023<\/strong>. Cependant, avec l&rsquo;anticipation d&rsquo;une hausse des offres et d&rsquo;une stabilisation des demandes, le prix des propri\u00e9t\u00e9s devrait s\u2019ajuster.<\/p>\n\n\n\n<h3 class=\"wp-block-heading\">Le prix m\u00e9dian d\u2019une maison se stabilise<\/h3>\n\n\n\n<p>Malgr\u00e9 la situation \u00e9conomique de ce d\u00e9but d&rsquo;ann\u00e9e, l\u2019APCIQ ne pr\u00e9voit pas un cycle de hausses de propri\u00e9t\u00e9s sur le march\u00e9 qu\u00e9b\u00e9cois. Ce contexte stabilise le march\u00e9 hypoth\u00e9caire et \u00e9vite que la situation tourne \u00e0 l\u2019avantage des acheteurs potentiels. Le march\u00e9 immobilier du Qu\u00e9bec devrait ralentir en 2023 avec <strong>une baisse de 9 % des ventes<\/strong>.<\/p>\n\n\n\n<p>Le prix m\u00e9dian d\u2019une maison unifamiliale au Qu\u00e9bec devrait reculer de 5 % par rapport \u00e0 2022, selon l\u2019APCIQ. Montr\u00e9al devrait conna\u00eetre:<\/p>\n\n\n\n<ul class=\"wp-block-list\">\n<li>Une baisse des prix de 12 % pour l\u2019unifamiliale<\/li>\n\n\n\n<li>Une baisse des prix de 5 % pour la copropri\u00e9t\u00e9, suite \u00e0 une hausse des co\u00fbts de 9 % en 2022.<\/li>\n<\/ul>\n\n\n\n<h3 class=\"wp-block-heading\">Un angle optimiste pour les acheteurs et les vendeurs<\/h3>\n\n\n\n<p>La Banque centrale a r\u00e9cemment confirm\u00e9 qu&rsquo;elle n&rsquo;envisageait pas d&rsquo;augmenter le taux directeur en janvier. Cette d\u00e9cision est une excellente nouvelle pour les acheteurs, car elle devrait maintenir les taux d&rsquo;int\u00e9r\u00eat \u00e0 un niveau attractif pour les emprunteurs. Bien que les intentions d&rsquo;achat de maison dans le secteur immobilier aient connu une l\u00e9g\u00e8re baisse pour les prochaines ann\u00e9es, elles restent stables \u00e0 moyen terme, selon les propos de Charles Brant. Cette annonce va cependant dans le sens des vendeurs, qui ont subi une sur\u00e9valuation des prix immobiliers pendant la pand\u00e9mie en raison de la baisse des taux. Les prix sont maintenant en train de se corriger progressivement.<\/p>\n","protected":false},"excerpt":{"rendered":"<p>2022 n\u2019aura pas \u00e9t\u00e9 de tout repos pour les acheteurs et les vendeurs. Entre l\u2019augmentation des prix du march\u00e9 immobilier et la hausse des taux d\u2019int\u00e9r\u00eats des pr\u00eats hypoth\u00e9caires, le prix des propri\u00e9t\u00e9s a connu une tendance haussi\u00e8re. Dans le cadre de la conf\u00e9rence \u00ab\u00a0Fen\u00eatre sur le march\u00e9 immobilier\u00a0\u00bb, l\u2019Association professionnelle des courtiers immobiliers du<\/p>\n","protected":false},"author":1,"featured_media":925,"comment_status":"closed","ping_status":"open","sticky":false,"template":"","format":"standard","meta":{"footnotes":""},"categories":[5],"tags":[],"class_list":{"0":"post-924","1":"post","2":"type-post","3":"status-publish","4":"format-standard","5":"has-post-thumbnail","7":"category-vente"},"yoast_head":"<!-- This site is optimized with the Yoast SEO plugin v27.5 - https:\/\/yoast.com\/product\/yoast-seo-wordpress\/ -->\n<title>Quelles sont les pr\u00e9visions du march\u00e9 immobilier en 2023? - LogisQu\u00e9bec<\/title>\n<meta name=\"description\" content=\"D\u00e9couvrez les pr\u00e9visions du march\u00e9 immobilier au Qu\u00e9bec en 2023 et r\u00e9alisez votre projet immobilier en toute confiance gr\u00e2ce aux conseils de nos experts\" \/>\n<meta name=\"robots\" content=\"index, follow, max-snippet:-1, max-image-preview:large, max-video-preview:-1\" \/>\n<link rel=\"canonical\" href=\"https:\/\/www.logisquebec.com\/blog\/quelles-sont-les-previsions-du-marche-immobilier-en-2023\/\" \/>\n<meta property=\"og:locale\" content=\"fr_CA\" \/>\n<meta property=\"og:type\" content=\"article\" \/>\n<meta property=\"og:title\" content=\"Quelles sont les pr\u00e9visions du march\u00e9 immobilier en 2023? - LogisQu\u00e9bec\" \/>\n<meta property=\"og:description\" content=\"D\u00e9couvrez les pr\u00e9visions du march\u00e9 immobilier au Qu\u00e9bec en 2023 et r\u00e9alisez votre projet immobilier en toute confiance gr\u00e2ce aux conseils de nos experts\" \/>\n<meta property=\"og:url\" content=\"https:\/\/www.logisquebec.com\/blog\/quelles-sont-les-previsions-du-marche-immobilier-en-2023\/\" \/>\n<meta property=\"og:site_name\" content=\"Le blogue d\u2019informations pratiques sur l\u2019immobilier au Qu\u00e9bec\" \/>\n<meta property=\"article:published_time\" content=\"2023-04-26T13:23:01+00:00\" \/>\n<meta property=\"article:modified_time\" content=\"2023-06-05T19:36:20+00:00\" \/>\n<meta property=\"og:image\" content=\"https:\/\/www.logisquebec.com\/blog\/wp-content\/uploads\/2023\/04\/iStock-1190070787_publish.jpg\" \/>\n\t<meta property=\"og:image:width\" content=\"866\" \/>\n\t<meta property=\"og:image:height\" content=\"514\" \/>\n\t<meta property=\"og:image:type\" content=\"image\/jpeg\" \/>\n<meta name=\"author\" content=\"logisqcadmin\" \/>\n<meta name=\"twitter:card\" content=\"summary_large_image\" \/>\n<meta name=\"twitter:label1\" content=\"\u00c9crit par\" \/>\n\t<meta name=\"twitter:data1\" content=\"logisqcadmin\" \/>\n\t<meta name=\"twitter:label2\" content=\"Estimation du temps de lecture\" \/>\n\t<meta name=\"twitter:data2\" content=\"4 minutes\" \/>\n<script type=\"application\/ld+json\" class=\"yoast-schema-graph\">{\"@context\":\"https:\\\/\\\/schema.org\",\"@graph\":[{\"@type\":\"Article\",\"@id\":\"https:\\\/\\\/www.logisquebec.com\\\/blog\\\/quelles-sont-les-previsions-du-marche-immobilier-en-2023\\\/#article\",\"isPartOf\":{\"@id\":\"https:\\\/\\\/www.logisquebec.com\\\/blog\\\/quelles-sont-les-previsions-du-marche-immobilier-en-2023\\\/\"},\"author\":{\"name\":\"logisqcadmin\",\"@id\":\"https:\\\/\\\/www.logisquebec.com\\\/blog\\\/#\\\/schema\\\/person\\\/485391ff3c1a74825d6cd81569a65fc1\"},\"headline\":\"Quelles sont les pr\u00e9visions du march\u00e9 immobilier en 2023?\",\"datePublished\":\"2023-04-26T13:23:01+00:00\",\"dateModified\":\"2023-06-05T19:36:20+00:00\",\"mainEntityOfPage\":{\"@id\":\"https:\\\/\\\/www.logisquebec.com\\\/blog\\\/quelles-sont-les-previsions-du-marche-immobilier-en-2023\\\/\"},\"wordCount\":738,\"image\":{\"@id\":\"https:\\\/\\\/www.logisquebec.com\\\/blog\\\/quelles-sont-les-previsions-du-marche-immobilier-en-2023\\\/#primaryimage\"},\"thumbnailUrl\":\"https:\\\/\\\/www.logisquebec.com\\\/blog\\\/wp-content\\\/uploads\\\/2023\\\/04\\\/iStock-1190070787_publish.jpg\",\"articleSection\":[\"vente\"],\"inLanguage\":\"fr-CA\"},{\"@type\":\"WebPage\",\"@id\":\"https:\\\/\\\/www.logisquebec.com\\\/blog\\\/quelles-sont-les-previsions-du-marche-immobilier-en-2023\\\/\",\"url\":\"https:\\\/\\\/www.logisquebec.com\\\/blog\\\/quelles-sont-les-previsions-du-marche-immobilier-en-2023\\\/\",\"name\":\"Quelles sont les pr\u00e9visions du march\u00e9 immobilier en 2023? - LogisQu\u00e9bec\",\"isPartOf\":{\"@id\":\"https:\\\/\\\/www.logisquebec.com\\\/blog\\\/#website\"},\"primaryImageOfPage\":{\"@id\":\"https:\\\/\\\/www.logisquebec.com\\\/blog\\\/quelles-sont-les-previsions-du-marche-immobilier-en-2023\\\/#primaryimage\"},\"image\":{\"@id\":\"https:\\\/\\\/www.logisquebec.com\\\/blog\\\/quelles-sont-les-previsions-du-marche-immobilier-en-2023\\\/#primaryimage\"},\"thumbnailUrl\":\"https:\\\/\\\/www.logisquebec.com\\\/blog\\\/wp-content\\\/uploads\\\/2023\\\/04\\\/iStock-1190070787_publish.jpg\",\"datePublished\":\"2023-04-26T13:23:01+00:00\",\"dateModified\":\"2023-06-05T19:36:20+00:00\",\"author\":{\"@id\":\"https:\\\/\\\/www.logisquebec.com\\\/blog\\\/#\\\/schema\\\/person\\\/485391ff3c1a74825d6cd81569a65fc1\"},\"description\":\"D\u00e9couvrez les pr\u00e9visions du march\u00e9 immobilier au Qu\u00e9bec en 2023 et r\u00e9alisez votre projet immobilier en toute confiance gr\u00e2ce aux conseils de nos experts\",\"breadcrumb\":{\"@id\":\"https:\\\/\\\/www.logisquebec.com\\\/blog\\\/quelles-sont-les-previsions-du-marche-immobilier-en-2023\\\/#breadcrumb\"},\"inLanguage\":\"fr-CA\",\"potentialAction\":[{\"@type\":\"ReadAction\",\"target\":[\"https:\\\/\\\/www.logisquebec.com\\\/blog\\\/quelles-sont-les-previsions-du-marche-immobilier-en-2023\\\/\"]}]},{\"@type\":\"ImageObject\",\"inLanguage\":\"fr-CA\",\"@id\":\"https:\\\/\\\/www.logisquebec.com\\\/blog\\\/quelles-sont-les-previsions-du-marche-immobilier-en-2023\\\/#primaryimage\",\"url\":\"https:\\\/\\\/www.logisquebec.com\\\/blog\\\/wp-content\\\/uploads\\\/2023\\\/04\\\/iStock-1190070787_publish.jpg\",\"contentUrl\":\"https:\\\/\\\/www.logisquebec.com\\\/blog\\\/wp-content\\\/uploads\\\/2023\\\/04\\\/iStock-1190070787_publish.jpg\",\"width\":866,\"height\":514,\"caption\":\"Vue a\u00e9rienne des maisons dans le quartier r\u00e9sidentie\"},{\"@type\":\"BreadcrumbList\",\"@id\":\"https:\\\/\\\/www.logisquebec.com\\\/blog\\\/quelles-sont-les-previsions-du-marche-immobilier-en-2023\\\/#breadcrumb\",\"itemListElement\":[{\"@type\":\"ListItem\",\"position\":1,\"name\":\"Accueil\",\"item\":\"https:\\\/\\\/www.logisquebec.com\\\/blog\\\/\"},{\"@type\":\"ListItem\",\"position\":2,\"name\":\"Quelles sont les pr\u00e9visions du march\u00e9 immobilier en 2023?\"}]},{\"@type\":\"WebSite\",\"@id\":\"https:\\\/\\\/www.logisquebec.com\\\/blog\\\/#website\",\"url\":\"https:\\\/\\\/www.logisquebec.com\\\/blog\\\/\",\"name\":\"Le blogue d\u2019informations pratiques sur l\u2019immobilier au Qu\u00e9bec\",\"description\":\"\",\"potentialAction\":[{\"@type\":\"SearchAction\",\"target\":{\"@type\":\"EntryPoint\",\"urlTemplate\":\"https:\\\/\\\/www.logisquebec.com\\\/blog\\\/?s={search_term_string}\"},\"query-input\":{\"@type\":\"PropertyValueSpecification\",\"valueRequired\":true,\"valueName\":\"search_term_string\"}}],\"inLanguage\":\"fr-CA\"},{\"@type\":\"Person\",\"@id\":\"https:\\\/\\\/www.logisquebec.com\\\/blog\\\/#\\\/schema\\\/person\\\/485391ff3c1a74825d6cd81569a65fc1\",\"name\":\"logisqcadmin\",\"image\":{\"@type\":\"ImageObject\",\"inLanguage\":\"fr-CA\",\"@id\":\"https:\\\/\\\/secure.gravatar.com\\\/avatar\\\/5cec006740d02494574351ebd09daf76d50359205188f2f5e3e29023e09b9152?s=96&d=mm&r=g\",\"url\":\"https:\\\/\\\/secure.gravatar.com\\\/avatar\\\/5cec006740d02494574351ebd09daf76d50359205188f2f5e3e29023e09b9152?s=96&d=mm&r=g\",\"contentUrl\":\"https:\\\/\\\/secure.gravatar.com\\\/avatar\\\/5cec006740d02494574351ebd09daf76d50359205188f2f5e3e29023e09b9152?s=96&d=mm&r=g\",\"caption\":\"logisqcadmin\"}}]}<\/script>\n<!-- \/ Yoast SEO plugin. -->","yoast_head_json":{"title":"Quelles sont les pr\u00e9visions du march\u00e9 immobilier en 2023? - LogisQu\u00e9bec","description":"D\u00e9couvrez les pr\u00e9visions du march\u00e9 immobilier au Qu\u00e9bec en 2023 et r\u00e9alisez votre projet immobilier en toute confiance gr\u00e2ce aux conseils de nos experts","robots":{"index":"index","follow":"follow","max-snippet":"max-snippet:-1","max-image-preview":"max-image-preview:large","max-video-preview":"max-video-preview:-1"},"canonical":"https:\/\/www.logisquebec.com\/blog\/quelles-sont-les-previsions-du-marche-immobilier-en-2023\/","og_locale":"fr_CA","og_type":"article","og_title":"Quelles sont les pr\u00e9visions du march\u00e9 immobilier en 2023? - LogisQu\u00e9bec","og_description":"D\u00e9couvrez les pr\u00e9visions du march\u00e9 immobilier au Qu\u00e9bec en 2023 et r\u00e9alisez votre projet immobilier en toute confiance gr\u00e2ce aux conseils de nos experts","og_url":"https:\/\/www.logisquebec.com\/blog\/quelles-sont-les-previsions-du-marche-immobilier-en-2023\/","og_site_name":"Le blogue d\u2019informations pratiques sur l\u2019immobilier au Qu\u00e9bec","article_published_time":"2023-04-26T13:23:01+00:00","article_modified_time":"2023-06-05T19:36:20+00:00","og_image":[{"width":866,"height":514,"url":"https:\/\/www.logisquebec.com\/blog\/wp-content\/uploads\/2023\/04\/iStock-1190070787_publish.jpg","type":"image\/jpeg"}],"author":"logisqcadmin","twitter_card":"summary_large_image","twitter_misc":{"\u00c9crit par":"logisqcadmin","Estimation du temps de lecture":"4 minutes"},"schema":{"@context":"https:\/\/schema.org","@graph":[{"@type":"Article","@id":"https:\/\/www.logisquebec.com\/blog\/quelles-sont-les-previsions-du-marche-immobilier-en-2023\/#article","isPartOf":{"@id":"https:\/\/www.logisquebec.com\/blog\/quelles-sont-les-previsions-du-marche-immobilier-en-2023\/"},"author":{"name":"logisqcadmin","@id":"https:\/\/www.logisquebec.com\/blog\/#\/schema\/person\/485391ff3c1a74825d6cd81569a65fc1"},"headline":"Quelles sont les pr\u00e9visions du march\u00e9 immobilier en 2023?","datePublished":"2023-04-26T13:23:01+00:00","dateModified":"2023-06-05T19:36:20+00:00","mainEntityOfPage":{"@id":"https:\/\/www.logisquebec.com\/blog\/quelles-sont-les-previsions-du-marche-immobilier-en-2023\/"},"wordCount":738,"image":{"@id":"https:\/\/www.logisquebec.com\/blog\/quelles-sont-les-previsions-du-marche-immobilier-en-2023\/#primaryimage"},"thumbnailUrl":"https:\/\/www.logisquebec.com\/blog\/wp-content\/uploads\/2023\/04\/iStock-1190070787_publish.jpg","articleSection":["vente"],"inLanguage":"fr-CA"},{"@type":"WebPage","@id":"https:\/\/www.logisquebec.com\/blog\/quelles-sont-les-previsions-du-marche-immobilier-en-2023\/","url":"https:\/\/www.logisquebec.com\/blog\/quelles-sont-les-previsions-du-marche-immobilier-en-2023\/","name":"Quelles sont les pr\u00e9visions du march\u00e9 immobilier en 2023? - LogisQu\u00e9bec","isPartOf":{"@id":"https:\/\/www.logisquebec.com\/blog\/#website"},"primaryImageOfPage":{"@id":"https:\/\/www.logisquebec.com\/blog\/quelles-sont-les-previsions-du-marche-immobilier-en-2023\/#primaryimage"},"image":{"@id":"https:\/\/www.logisquebec.com\/blog\/quelles-sont-les-previsions-du-marche-immobilier-en-2023\/#primaryimage"},"thumbnailUrl":"https:\/\/www.logisquebec.com\/blog\/wp-content\/uploads\/2023\/04\/iStock-1190070787_publish.jpg","datePublished":"2023-04-26T13:23:01+00:00","dateModified":"2023-06-05T19:36:20+00:00","author":{"@id":"https:\/\/www.logisquebec.com\/blog\/#\/schema\/person\/485391ff3c1a74825d6cd81569a65fc1"},"description":"D\u00e9couvrez les pr\u00e9visions du march\u00e9 immobilier au Qu\u00e9bec en 2023 et r\u00e9alisez votre projet immobilier en toute confiance gr\u00e2ce aux conseils de nos experts","breadcrumb":{"@id":"https:\/\/www.logisquebec.com\/blog\/quelles-sont-les-previsions-du-marche-immobilier-en-2023\/#breadcrumb"},"inLanguage":"fr-CA","potentialAction":[{"@type":"ReadAction","target":["https:\/\/www.logisquebec.com\/blog\/quelles-sont-les-previsions-du-marche-immobilier-en-2023\/"]}]},{"@type":"ImageObject","inLanguage":"fr-CA","@id":"https:\/\/www.logisquebec.com\/blog\/quelles-sont-les-previsions-du-marche-immobilier-en-2023\/#primaryimage","url":"https:\/\/www.logisquebec.com\/blog\/wp-content\/uploads\/2023\/04\/iStock-1190070787_publish.jpg","contentUrl":"https:\/\/www.logisquebec.com\/blog\/wp-content\/uploads\/2023\/04\/iStock-1190070787_publish.jpg","width":866,"height":514,"caption":"Vue a\u00e9rienne des maisons dans le quartier r\u00e9sidentie"},{"@type":"BreadcrumbList","@id":"https:\/\/www.logisquebec.com\/blog\/quelles-sont-les-previsions-du-marche-immobilier-en-2023\/#breadcrumb","itemListElement":[{"@type":"ListItem","position":1,"name":"Accueil","item":"https:\/\/www.logisquebec.com\/blog\/"},{"@type":"ListItem","position":2,"name":"Quelles sont les pr\u00e9visions du march\u00e9 immobilier en 2023?"}]},{"@type":"WebSite","@id":"https:\/\/www.logisquebec.com\/blog\/#website","url":"https:\/\/www.logisquebec.com\/blog\/","name":"Le blogue d\u2019informations pratiques sur l\u2019immobilier au Qu\u00e9bec","description":"","potentialAction":[{"@type":"SearchAction","target":{"@type":"EntryPoint","urlTemplate":"https:\/\/www.logisquebec.com\/blog\/?s={search_term_string}"},"query-input":{"@type":"PropertyValueSpecification","valueRequired":true,"valueName":"search_term_string"}}],"inLanguage":"fr-CA"},{"@type":"Person","@id":"https:\/\/www.logisquebec.com\/blog\/#\/schema\/person\/485391ff3c1a74825d6cd81569a65fc1","name":"logisqcadmin","image":{"@type":"ImageObject","inLanguage":"fr-CA","@id":"https:\/\/secure.gravatar.com\/avatar\/5cec006740d02494574351ebd09daf76d50359205188f2f5e3e29023e09b9152?s=96&d=mm&r=g","url":"https:\/\/secure.gravatar.com\/avatar\/5cec006740d02494574351ebd09daf76d50359205188f2f5e3e29023e09b9152?s=96&d=mm&r=g","contentUrl":"https:\/\/secure.gravatar.com\/avatar\/5cec006740d02494574351ebd09daf76d50359205188f2f5e3e29023e09b9152?s=96&d=mm&r=g","caption":"logisqcadmin"}}]}},"_links":{"self":[{"href":"https:\/\/www.logisquebec.com\/blog\/wp-json\/wp\/v2\/posts\/924","targetHints":{"allow":["GET"]}}],"collection":[{"href":"https:\/\/www.logisquebec.com\/blog\/wp-json\/wp\/v2\/posts"}],"about":[{"href":"https:\/\/www.logisquebec.com\/blog\/wp-json\/wp\/v2\/types\/post"}],"author":[{"embeddable":true,"href":"https:\/\/www.logisquebec.com\/blog\/wp-json\/wp\/v2\/users\/1"}],"replies":[{"embeddable":true,"href":"https:\/\/www.logisquebec.com\/blog\/wp-json\/wp\/v2\/comments?post=924"}],"version-history":[{"count":1,"href":"https:\/\/www.logisquebec.com\/blog\/wp-json\/wp\/v2\/posts\/924\/revisions"}],"predecessor-version":[{"id":926,"href":"https:\/\/www.logisquebec.com\/blog\/wp-json\/wp\/v2\/posts\/924\/revisions\/926"}],"wp:featuredmedia":[{"embeddable":true,"href":"https:\/\/www.logisquebec.com\/blog\/wp-json\/wp\/v2\/media\/925"}],"wp:attachment":[{"href":"https:\/\/www.logisquebec.com\/blog\/wp-json\/wp\/v2\/media?parent=924"}],"wp:term":[{"taxonomy":"category","embeddable":true,"href":"https:\/\/www.logisquebec.com\/blog\/wp-json\/wp\/v2\/categories?post=924"},{"taxonomy":"post_tag","embeddable":true,"href":"https:\/\/www.logisquebec.com\/blog\/wp-json\/wp\/v2\/tags?post=924"}],"curies":[{"name":"wp","href":"https:\/\/api.w.org\/{rel}","templated":true}]}}