{"id":970,"date":"2023-10-23T15:18:32","date_gmt":"2023-10-23T15:18:32","guid":{"rendered":"https:\/\/www.logisquebec.com\/blog\/?p=970"},"modified":"2023-10-30T13:16:39","modified_gmt":"2023-10-30T13:16:39","slug":"5-tendances-deco-a-surveiller-en-2023","status":"publish","type":"post","link":"https:\/\/www.logisquebec.com\/blog\/5-tendances-deco-a-surveiller-en-2023\/","title":{"rendered":"5 tendances d\u00e9co \u00e0 surveiller en 2023"},"content":{"rendered":"\n<blockquote class=\"wp-block-quote is-layout-flow wp-block-quote-is-layout-flow\">\n<p><\/p>\n<cite><em>\u00ab\u00a0La maison doit \u00eatre le coffre au tr\u00e9sor de la vie\u00a0\u00bb<\/em><\/cite><\/blockquote>\n\n\n\n<p><\/p>\n\n\n\n<p>Cette citation c\u00e9l\u00e8bre de Le Corbusier prend tout son sens lorsqu&rsquo;on aborde les nouvelles tendances d\u00e9co de cette ann\u00e9e. En effet, 2023 s&rsquo;annonce riche en nouveaut\u00e9s, disposer de toutes les informations n\u00e9cessaires sur ces tendances est donc crucial!<\/p>\n\n\n\n<p>En m\u00e9langeant les styles, les couleurs et en jouant avec les mat\u00e9riaux naturels, de nouvelles possibilit\u00e9s vont ainsi s&rsquo;ouvrir \u00e0 vous pour sublimer votre int\u00e9rieur. C&rsquo;est \u00e9galement valorisant pour les<a href=\"https:\/\/www.logisquebec.com\/solutions-professionnels-immobilier\"> <strong>professionnels de l&rsquo;immobilier<\/strong><\/a> qui pourront ainsi mettre en avant des biens avec une d\u00e9coration au go\u00fbt du jour.<\/p>\n\n\n\n<p>Ainsi, si vous \u00eates un amateur de design d&rsquo;int\u00e9rieur ou tout simplement <strong>\u00e0 la recherche d&rsquo;astuces de d\u00e9coration<\/strong>, d\u00e9couvrez les derni\u00e8res tendances d\u00e9co!<\/p>\n\n\n\n<h2 class=\"wp-block-heading\">Quelle est l&rsquo;importance de l&rsquo;esth\u00e9tique dans le design d&rsquo;int\u00e9rieur?<\/h2>\n\n\n\n<p>Avec la popularit\u00e9 grandissante des \u00e9missions consacr\u00e9es \u00e0 la d\u00e9coration et \u00e0 l&rsquo;architecture, l&rsquo;am\u00e9nagement int\u00e9rieur joue un r\u00f4le essentiel dans notre bien-\u00eatre, en transformant nos espaces de vie en v\u00e9ritables havres de paix. Les choix des couleurs, des mat\u00e9riaux et des styles sont des reflets de notre personnalit\u00e9 et permettent de cr\u00e9er une atmosph\u00e8re qui nous correspond.<\/p>\n\n\n\n<h2 class=\"wp-block-heading\">Les mat\u00e9riaux naturels<\/h2>\n\n\n\n<p>En 2023, les mat\u00e9riaux naturels apportent une petite touche d&rsquo;authenticit\u00e9 et <strong>une atmosph\u00e8re chaleureuse \u00e0 nos int\u00e9rieurs<\/strong>.<\/p>\n\n\n\n<h3 class=\"wp-block-heading\">Le bois<\/h3>\n\n\n\n<p>Le bois s&rsquo;est impos\u00e9 comme un incontournable, capable de se fondre dans une cuisine aux couleurs audacieuses ou de prendre le devant de la sc\u00e8ne avec une table basse de style scandinave. Selon vos pr\u00e9f\u00e9rences, vous trouverez du bois qui correspond \u00e0 tous les go\u00fbts:<\/p>\n\n\n\n<ul class=\"wp-block-list\">\n<li>Bois fonc\u00e9<\/li>\n\n\n\n<li>Bois brut<\/li>\n\n\n\n<li>Bois blond<\/li>\n\n\n\n<li>Bois massif<\/li>\n\n\n\n<li>Bois franc<\/li>\n\n\n\n<li>Bois noir<\/li>\n\n\n\n<li>Bois de ch\u00eane<\/li>\n<\/ul>\n\n\n\n<h3 class=\"wp-block-heading\">Les rev\u00eatements muraux<\/h3>\n\n\n\n<p>Les rev\u00eatements muraux jouent avec les textures et les formes g\u00e9om\u00e9triques. Entre le b\u00e9ton brut pour un style industriel, le papier peint aux motifs audacieux ou la c\u00e9ramique pour une salle de bain chic, le choix est vaste.<\/p>\n\n\n\n<h3 class=\"wp-block-heading\">Les mat\u00e9riaux recycl\u00e9s<\/h3>\n\n\n\n<p>De plus en plus pris\u00e9s pour leur aspect unique et leur d\u00e9marche \u00e9coresponsable, les mat\u00e9riaux recycl\u00e9s (bois recycl\u00e9, etc.) sont un <strong>v\u00e9ritable antidote au ph\u00e9nom\u00e8ne du \u00ab\u00a0mobilier rapide\u00a0\u00bb<\/strong>. Cette tendance nuisible \u00e0 l&rsquo;environnement et \u00e0 la soci\u00e9t\u00e9 peut \u00eatre minimis\u00e9e avec<a href=\"https:\/\/www.ellequebec.com\/decoration\/fast-furniture-tour-dhorizon-et-pistes-de-solutions\" target=\"_blank\" rel=\"noreferrer noopener nofollow\"> un comportement \u00e9thique et responsable<\/a>:<\/p>\n\n\n\n<ul class=\"wp-block-list\">\n<li>Acheter de meubles d&rsquo;occasion<\/li>\n\n\n\n<li>Louer des meubles<\/li>\n\n\n\n<li>Privil\u00e9gier des meubles de qualit\u00e9 et durables<\/li>\n<\/ul>\n\n\n\n<h3 class=\"wp-block-heading\">Les formes et les couleurs<\/h3>\n\n\n\n<p>2023 met en lumi\u00e8re les formes arrondies et les couleurs qui ont du caract\u00e8re.<\/p>\n\n\n\n<h3 class=\"wp-block-heading\">Des formes arrondies et g\u00e9om\u00e9triques<\/h3>\n\n\n\n<p>Vous pouvez dire adieu aux angles droits! Les formes arrondies s&rsquo;invitent chez nous en adoucissant l&rsquo;ambiance et en apportant <strong>une sensation de confort<\/strong>.<\/p>\n\n\n\n<h3 class=\"wp-block-heading\">Plut\u00f4t couleurs douces ou audacieuses?<\/h3>\n\n\n\n<p>Cette ann\u00e9e, la palette de couleurs oscille entre deux univers: d&rsquo;un c\u00f4t\u00e9, des couleurs chaudes qui r\u00e9chauffent l&rsquo;ambiance, et de l&rsquo;autre, des tons neutres qui apportent une s\u00e9r\u00e9nit\u00e9 \u00e0 nos espaces de vie. Quelle que soit votre d\u00e9cision, vous ne pourrez faire aucun faux pas!<\/p>\n\n\n\n<h3 class=\"wp-block-heading\">Les styles particuliers<\/h3>\n\n\n\n<p>Plusieurs styles se d\u00e9marquent par leur originalit\u00e9 et leur charme unique. En 2023, le design d&rsquo;int\u00e9rieur \u00e9volue vers des d\u00e9cors naturels, authentiques et confortables. Les mat\u00e9riaux tels que le bois et la pierre sont mis en avant, tandis que les tons terreux (vert, brun ou beige) dominent les palettes de couleurs. Les lignes \u00e9pur\u00e9es, les formes douces et le mobilier confortable (canap\u00e9 en velours, etc.) cr\u00e9ent <strong>des espaces propices \u00e0 la d\u00e9tente<\/strong>.<\/p>\n\n\n\n<p>En ajoutant des accents de d\u00e9coration personnalis\u00e9s, vous apportez une touche unique \u00e0 votre int\u00e9rieur.<\/p>\n\n\n\n<h2 class=\"wp-block-heading\">Tendances d\u00e9co 2023: FAQ<\/h2>\n\n\n\n<h3 class=\"wp-block-heading\">Comment int\u00e9grer les mat\u00e9riaux recycl\u00e9s dans ma d\u00e9coration int\u00e9rieure?<\/h3>\n\n\n\n<p>En plus d&rsquo;\u00eatre responsable, int\u00e9grer ce type de mat\u00e9riaux ajoute du caract\u00e8re \u00e0 votre int\u00e9rieur. N&rsquo;h\u00e9sitez pas \u00e0 <strong>vous balader dans les march\u00e9s aux puces<\/strong>, les ventes de garage ou les magasins d&rsquo;occasion pour trouver des pi\u00e8ces uniques.<\/p>\n\n\n\n<h3 class=\"wp-block-heading\">Quelles sont les alternatives au \u00ab\u00a0mobilier rapide\u00a0\u00bb pour un ameublement durable?<\/h3>\n\n\n\n<p>Vous pouvez choisir des meubles d&rsquo;occasion, louer vos meubles ou encore privil\u00e9gier les fabricants qui utilisent des mat\u00e9riaux recycl\u00e9s. Une autre tendance d\u00e9co 2023 \u00e0 prendre en compte est l&rsquo;adoption de meubles modulables, vous offrant ainsi la possibilit\u00e9 d&rsquo;adapter votre int\u00e9rieur selon vos besoins et vos envies.<\/p>\n\n\n\n<h3 class=\"wp-block-heading\">Quelles sont les couleurs tendances en 2023?<\/h3>\n\n\n\n<p>Le rouge terra cotta, l&rsquo;orange br\u00fbl\u00e9 ou le bleu canard font partie des principales couleurs mises en avant. N\u00e9anmoins, pour ceux qui pr\u00e9f\u00e8rent des tons plus doux, les couleurs neutres comme le beige, le gris clair et le blanc cass\u00e9 restent en vogue. C&rsquo;est \u00e0 vous de choisir selon l&rsquo;ambiance que vous souhaitez cr\u00e9er!<\/p>\n","protected":false},"excerpt":{"rendered":"<p>\u00ab\u00a0La maison doit \u00eatre le coffre au tr\u00e9sor de la vie\u00a0\u00bb Cette citation c\u00e9l\u00e8bre de Le Corbusier prend tout son sens lorsqu&rsquo;on aborde les nouvelles tendances d\u00e9co de cette ann\u00e9e. En effet, 2023 s&rsquo;annonce riche en nouveaut\u00e9s, disposer de toutes les informations n\u00e9cessaires sur ces tendances est donc crucial! En m\u00e9langeant les styles, les couleurs<\/p>\n","protected":false},"author":1,"featured_media":972,"comment_status":"closed","ping_status":"open","sticky":false,"template":"","format":"standard","meta":{"footnotes":""},"categories":[2],"tags":[],"class_list":{"0":"post-970","1":"post","2":"type-post","3":"status-publish","4":"format-standard","5":"has-post-thumbnail","7":"category-location"},"yoast_head":"<!-- This site is optimized with the Yoast SEO plugin v27.5 - https:\/\/yoast.com\/product\/yoast-seo-wordpress\/ -->\n<title>5 tendances d\u00e9co \u00e0 surveiller en 2023 - LogisQu\u00e9bec<\/title>\n<meta name=\"description\" content=\"\u00c0 la recherche d\u2019inspiration pour votre d\u00e9coration int\u00e9rieure? D\u00e9couvrez les tendances d\u00e9co de 2023 qui donneront un coup de frais \u00e0 votre espace de vie.\" \/>\n<meta name=\"robots\" content=\"index, follow, max-snippet:-1, max-image-preview:large, max-video-preview:-1\" \/>\n<link rel=\"canonical\" href=\"https:\/\/www.logisquebec.com\/blog\/5-tendances-deco-a-surveiller-en-2023\/\" \/>\n<meta property=\"og:locale\" content=\"fr_CA\" \/>\n<meta property=\"og:type\" content=\"article\" \/>\n<meta property=\"og:title\" content=\"5 tendances d\u00e9co \u00e0 surveiller en 2023 - LogisQu\u00e9bec\" \/>\n<meta property=\"og:description\" content=\"\u00c0 la recherche d\u2019inspiration pour votre d\u00e9coration int\u00e9rieure? D\u00e9couvrez les tendances d\u00e9co de 2023 qui donneront un coup de frais \u00e0 votre espace de vie.\" \/>\n<meta property=\"og:url\" content=\"https:\/\/www.logisquebec.com\/blog\/5-tendances-deco-a-surveiller-en-2023\/\" \/>\n<meta property=\"og:site_name\" content=\"Le blogue d\u2019informations pratiques sur l\u2019immobilier au Qu\u00e9bec\" \/>\n<meta property=\"article:published_time\" content=\"2023-10-23T15:18:32+00:00\" \/>\n<meta property=\"article:modified_time\" content=\"2023-10-30T13:16:39+00:00\" \/>\n<meta property=\"og:image\" content=\"https:\/\/www.logisquebec.com\/blog\/wp-content\/uploads\/2023\/10\/iStock-1353404689_publish.jpg\" \/>\n\t<meta property=\"og:image:width\" content=\"866\" \/>\n\t<meta property=\"og:image:height\" content=\"514\" \/>\n\t<meta property=\"og:image:type\" content=\"image\/jpeg\" \/>\n<meta name=\"author\" content=\"logisqcadmin\" \/>\n<meta name=\"twitter:card\" content=\"summary_large_image\" \/>\n<meta name=\"twitter:label1\" content=\"\u00c9crit par\" \/>\n\t<meta name=\"twitter:data1\" content=\"logisqcadmin\" \/>\n\t<meta name=\"twitter:label2\" content=\"Estimation du temps de lecture\" \/>\n\t<meta name=\"twitter:data2\" content=\"4 minutes\" \/>\n<script type=\"application\/ld+json\" class=\"yoast-schema-graph\">{\"@context\":\"https:\\\/\\\/schema.org\",\"@graph\":[{\"@type\":\"Article\",\"@id\":\"https:\\\/\\\/www.logisquebec.com\\\/blog\\\/5-tendances-deco-a-surveiller-en-2023\\\/#article\",\"isPartOf\":{\"@id\":\"https:\\\/\\\/www.logisquebec.com\\\/blog\\\/5-tendances-deco-a-surveiller-en-2023\\\/\"},\"author\":{\"name\":\"logisqcadmin\",\"@id\":\"https:\\\/\\\/www.logisquebec.com\\\/blog\\\/#\\\/schema\\\/person\\\/485391ff3c1a74825d6cd81569a65fc1\"},\"headline\":\"5 tendances d\u00e9co \u00e0 surveiller en 2023\",\"datePublished\":\"2023-10-23T15:18:32+00:00\",\"dateModified\":\"2023-10-30T13:16:39+00:00\",\"mainEntityOfPage\":{\"@id\":\"https:\\\/\\\/www.logisquebec.com\\\/blog\\\/5-tendances-deco-a-surveiller-en-2023\\\/\"},\"wordCount\":844,\"image\":{\"@id\":\"https:\\\/\\\/www.logisquebec.com\\\/blog\\\/5-tendances-deco-a-surveiller-en-2023\\\/#primaryimage\"},\"thumbnailUrl\":\"https:\\\/\\\/www.logisquebec.com\\\/blog\\\/wp-content\\\/uploads\\\/2023\\\/10\\\/iStock-1353404689_publish.jpg\",\"articleSection\":[\"location\"],\"inLanguage\":\"fr-CA\"},{\"@type\":\"WebPage\",\"@id\":\"https:\\\/\\\/www.logisquebec.com\\\/blog\\\/5-tendances-deco-a-surveiller-en-2023\\\/\",\"url\":\"https:\\\/\\\/www.logisquebec.com\\\/blog\\\/5-tendances-deco-a-surveiller-en-2023\\\/\",\"name\":\"5 tendances d\u00e9co \u00e0 surveiller en 2023 - LogisQu\u00e9bec\",\"isPartOf\":{\"@id\":\"https:\\\/\\\/www.logisquebec.com\\\/blog\\\/#website\"},\"primaryImageOfPage\":{\"@id\":\"https:\\\/\\\/www.logisquebec.com\\\/blog\\\/5-tendances-deco-a-surveiller-en-2023\\\/#primaryimage\"},\"image\":{\"@id\":\"https:\\\/\\\/www.logisquebec.com\\\/blog\\\/5-tendances-deco-a-surveiller-en-2023\\\/#primaryimage\"},\"thumbnailUrl\":\"https:\\\/\\\/www.logisquebec.com\\\/blog\\\/wp-content\\\/uploads\\\/2023\\\/10\\\/iStock-1353404689_publish.jpg\",\"datePublished\":\"2023-10-23T15:18:32+00:00\",\"dateModified\":\"2023-10-30T13:16:39+00:00\",\"author\":{\"@id\":\"https:\\\/\\\/www.logisquebec.com\\\/blog\\\/#\\\/schema\\\/person\\\/485391ff3c1a74825d6cd81569a65fc1\"},\"description\":\"\u00c0 la recherche d\u2019inspiration pour votre d\u00e9coration int\u00e9rieure? D\u00e9couvrez les tendances d\u00e9co de 2023 qui donneront un coup de frais \u00e0 votre espace de vie.\",\"breadcrumb\":{\"@id\":\"https:\\\/\\\/www.logisquebec.com\\\/blog\\\/5-tendances-deco-a-surveiller-en-2023\\\/#breadcrumb\"},\"inLanguage\":\"fr-CA\",\"potentialAction\":[{\"@type\":\"ReadAction\",\"target\":[\"https:\\\/\\\/www.logisquebec.com\\\/blog\\\/5-tendances-deco-a-surveiller-en-2023\\\/\"]}]},{\"@type\":\"ImageObject\",\"inLanguage\":\"fr-CA\",\"@id\":\"https:\\\/\\\/www.logisquebec.com\\\/blog\\\/5-tendances-deco-a-surveiller-en-2023\\\/#primaryimage\",\"url\":\"https:\\\/\\\/www.logisquebec.com\\\/blog\\\/wp-content\\\/uploads\\\/2023\\\/10\\\/iStock-1353404689_publish.jpg\",\"contentUrl\":\"https:\\\/\\\/www.logisquebec.com\\\/blog\\\/wp-content\\\/uploads\\\/2023\\\/10\\\/iStock-1353404689_publish.jpg\",\"width\":866,\"height\":514,\"caption\":\"Int\u00e9rieur de salon scandinave moderne\"},{\"@type\":\"BreadcrumbList\",\"@id\":\"https:\\\/\\\/www.logisquebec.com\\\/blog\\\/5-tendances-deco-a-surveiller-en-2023\\\/#breadcrumb\",\"itemListElement\":[{\"@type\":\"ListItem\",\"position\":1,\"name\":\"Accueil\",\"item\":\"https:\\\/\\\/www.logisquebec.com\\\/blog\\\/\"},{\"@type\":\"ListItem\",\"position\":2,\"name\":\"5 tendances d\u00e9co \u00e0 surveiller en 2023\"}]},{\"@type\":\"WebSite\",\"@id\":\"https:\\\/\\\/www.logisquebec.com\\\/blog\\\/#website\",\"url\":\"https:\\\/\\\/www.logisquebec.com\\\/blog\\\/\",\"name\":\"Le blogue d\u2019informations pratiques sur l\u2019immobilier au Qu\u00e9bec\",\"description\":\"\",\"potentialAction\":[{\"@type\":\"SearchAction\",\"target\":{\"@type\":\"EntryPoint\",\"urlTemplate\":\"https:\\\/\\\/www.logisquebec.com\\\/blog\\\/?s={search_term_string}\"},\"query-input\":{\"@type\":\"PropertyValueSpecification\",\"valueRequired\":true,\"valueName\":\"search_term_string\"}}],\"inLanguage\":\"fr-CA\"},{\"@type\":\"Person\",\"@id\":\"https:\\\/\\\/www.logisquebec.com\\\/blog\\\/#\\\/schema\\\/person\\\/485391ff3c1a74825d6cd81569a65fc1\",\"name\":\"logisqcadmin\",\"image\":{\"@type\":\"ImageObject\",\"inLanguage\":\"fr-CA\",\"@id\":\"https:\\\/\\\/secure.gravatar.com\\\/avatar\\\/5cec006740d02494574351ebd09daf76d50359205188f2f5e3e29023e09b9152?s=96&d=mm&r=g\",\"url\":\"https:\\\/\\\/secure.gravatar.com\\\/avatar\\\/5cec006740d02494574351ebd09daf76d50359205188f2f5e3e29023e09b9152?s=96&d=mm&r=g\",\"contentUrl\":\"https:\\\/\\\/secure.gravatar.com\\\/avatar\\\/5cec006740d02494574351ebd09daf76d50359205188f2f5e3e29023e09b9152?s=96&d=mm&r=g\",\"caption\":\"logisqcadmin\"}}]}<\/script>\n<!-- \/ Yoast SEO plugin. -->","yoast_head_json":{"title":"5 tendances d\u00e9co \u00e0 surveiller en 2023 - LogisQu\u00e9bec","description":"\u00c0 la recherche d\u2019inspiration pour votre d\u00e9coration int\u00e9rieure? D\u00e9couvrez les tendances d\u00e9co de 2023 qui donneront un coup de frais \u00e0 votre espace de vie.","robots":{"index":"index","follow":"follow","max-snippet":"max-snippet:-1","max-image-preview":"max-image-preview:large","max-video-preview":"max-video-preview:-1"},"canonical":"https:\/\/www.logisquebec.com\/blog\/5-tendances-deco-a-surveiller-en-2023\/","og_locale":"fr_CA","og_type":"article","og_title":"5 tendances d\u00e9co \u00e0 surveiller en 2023 - LogisQu\u00e9bec","og_description":"\u00c0 la recherche d\u2019inspiration pour votre d\u00e9coration int\u00e9rieure? D\u00e9couvrez les tendances d\u00e9co de 2023 qui donneront un coup de frais \u00e0 votre espace de vie.","og_url":"https:\/\/www.logisquebec.com\/blog\/5-tendances-deco-a-surveiller-en-2023\/","og_site_name":"Le blogue d\u2019informations pratiques sur l\u2019immobilier au Qu\u00e9bec","article_published_time":"2023-10-23T15:18:32+00:00","article_modified_time":"2023-10-30T13:16:39+00:00","og_image":[{"width":866,"height":514,"url":"https:\/\/www.logisquebec.com\/blog\/wp-content\/uploads\/2023\/10\/iStock-1353404689_publish.jpg","type":"image\/jpeg"}],"author":"logisqcadmin","twitter_card":"summary_large_image","twitter_misc":{"\u00c9crit par":"logisqcadmin","Estimation du temps de lecture":"4 minutes"},"schema":{"@context":"https:\/\/schema.org","@graph":[{"@type":"Article","@id":"https:\/\/www.logisquebec.com\/blog\/5-tendances-deco-a-surveiller-en-2023\/#article","isPartOf":{"@id":"https:\/\/www.logisquebec.com\/blog\/5-tendances-deco-a-surveiller-en-2023\/"},"author":{"name":"logisqcadmin","@id":"https:\/\/www.logisquebec.com\/blog\/#\/schema\/person\/485391ff3c1a74825d6cd81569a65fc1"},"headline":"5 tendances d\u00e9co \u00e0 surveiller en 2023","datePublished":"2023-10-23T15:18:32+00:00","dateModified":"2023-10-30T13:16:39+00:00","mainEntityOfPage":{"@id":"https:\/\/www.logisquebec.com\/blog\/5-tendances-deco-a-surveiller-en-2023\/"},"wordCount":844,"image":{"@id":"https:\/\/www.logisquebec.com\/blog\/5-tendances-deco-a-surveiller-en-2023\/#primaryimage"},"thumbnailUrl":"https:\/\/www.logisquebec.com\/blog\/wp-content\/uploads\/2023\/10\/iStock-1353404689_publish.jpg","articleSection":["location"],"inLanguage":"fr-CA"},{"@type":"WebPage","@id":"https:\/\/www.logisquebec.com\/blog\/5-tendances-deco-a-surveiller-en-2023\/","url":"https:\/\/www.logisquebec.com\/blog\/5-tendances-deco-a-surveiller-en-2023\/","name":"5 tendances d\u00e9co \u00e0 surveiller en 2023 - LogisQu\u00e9bec","isPartOf":{"@id":"https:\/\/www.logisquebec.com\/blog\/#website"},"primaryImageOfPage":{"@id":"https:\/\/www.logisquebec.com\/blog\/5-tendances-deco-a-surveiller-en-2023\/#primaryimage"},"image":{"@id":"https:\/\/www.logisquebec.com\/blog\/5-tendances-deco-a-surveiller-en-2023\/#primaryimage"},"thumbnailUrl":"https:\/\/www.logisquebec.com\/blog\/wp-content\/uploads\/2023\/10\/iStock-1353404689_publish.jpg","datePublished":"2023-10-23T15:18:32+00:00","dateModified":"2023-10-30T13:16:39+00:00","author":{"@id":"https:\/\/www.logisquebec.com\/blog\/#\/schema\/person\/485391ff3c1a74825d6cd81569a65fc1"},"description":"\u00c0 la recherche d\u2019inspiration pour votre d\u00e9coration int\u00e9rieure? D\u00e9couvrez les tendances d\u00e9co de 2023 qui donneront un coup de frais \u00e0 votre espace de vie.","breadcrumb":{"@id":"https:\/\/www.logisquebec.com\/blog\/5-tendances-deco-a-surveiller-en-2023\/#breadcrumb"},"inLanguage":"fr-CA","potentialAction":[{"@type":"ReadAction","target":["https:\/\/www.logisquebec.com\/blog\/5-tendances-deco-a-surveiller-en-2023\/"]}]},{"@type":"ImageObject","inLanguage":"fr-CA","@id":"https:\/\/www.logisquebec.com\/blog\/5-tendances-deco-a-surveiller-en-2023\/#primaryimage","url":"https:\/\/www.logisquebec.com\/blog\/wp-content\/uploads\/2023\/10\/iStock-1353404689_publish.jpg","contentUrl":"https:\/\/www.logisquebec.com\/blog\/wp-content\/uploads\/2023\/10\/iStock-1353404689_publish.jpg","width":866,"height":514,"caption":"Int\u00e9rieur de salon scandinave moderne"},{"@type":"BreadcrumbList","@id":"https:\/\/www.logisquebec.com\/blog\/5-tendances-deco-a-surveiller-en-2023\/#breadcrumb","itemListElement":[{"@type":"ListItem","position":1,"name":"Accueil","item":"https:\/\/www.logisquebec.com\/blog\/"},{"@type":"ListItem","position":2,"name":"5 tendances d\u00e9co \u00e0 surveiller en 2023"}]},{"@type":"WebSite","@id":"https:\/\/www.logisquebec.com\/blog\/#website","url":"https:\/\/www.logisquebec.com\/blog\/","name":"Le blogue d\u2019informations pratiques sur l\u2019immobilier au Qu\u00e9bec","description":"","potentialAction":[{"@type":"SearchAction","target":{"@type":"EntryPoint","urlTemplate":"https:\/\/www.logisquebec.com\/blog\/?s={search_term_string}"},"query-input":{"@type":"PropertyValueSpecification","valueRequired":true,"valueName":"search_term_string"}}],"inLanguage":"fr-CA"},{"@type":"Person","@id":"https:\/\/www.logisquebec.com\/blog\/#\/schema\/person\/485391ff3c1a74825d6cd81569a65fc1","name":"logisqcadmin","image":{"@type":"ImageObject","inLanguage":"fr-CA","@id":"https:\/\/secure.gravatar.com\/avatar\/5cec006740d02494574351ebd09daf76d50359205188f2f5e3e29023e09b9152?s=96&d=mm&r=g","url":"https:\/\/secure.gravatar.com\/avatar\/5cec006740d02494574351ebd09daf76d50359205188f2f5e3e29023e09b9152?s=96&d=mm&r=g","contentUrl":"https:\/\/secure.gravatar.com\/avatar\/5cec006740d02494574351ebd09daf76d50359205188f2f5e3e29023e09b9152?s=96&d=mm&r=g","caption":"logisqcadmin"}}]}},"_links":{"self":[{"href":"https:\/\/www.logisquebec.com\/blog\/wp-json\/wp\/v2\/posts\/970","targetHints":{"allow":["GET"]}}],"collection":[{"href":"https:\/\/www.logisquebec.com\/blog\/wp-json\/wp\/v2\/posts"}],"about":[{"href":"https:\/\/www.logisquebec.com\/blog\/wp-json\/wp\/v2\/types\/post"}],"author":[{"embeddable":true,"href":"https:\/\/www.logisquebec.com\/blog\/wp-json\/wp\/v2\/users\/1"}],"replies":[{"embeddable":true,"href":"https:\/\/www.logisquebec.com\/blog\/wp-json\/wp\/v2\/comments?post=970"}],"version-history":[{"count":4,"href":"https:\/\/www.logisquebec.com\/blog\/wp-json\/wp\/v2\/posts\/970\/revisions"}],"predecessor-version":[{"id":977,"href":"https:\/\/www.logisquebec.com\/blog\/wp-json\/wp\/v2\/posts\/970\/revisions\/977"}],"wp:featuredmedia":[{"embeddable":true,"href":"https:\/\/www.logisquebec.com\/blog\/wp-json\/wp\/v2\/media\/972"}],"wp:attachment":[{"href":"https:\/\/www.logisquebec.com\/blog\/wp-json\/wp\/v2\/media?parent=970"}],"wp:term":[{"taxonomy":"category","embeddable":true,"href":"https:\/\/www.logisquebec.com\/blog\/wp-json\/wp\/v2\/categories?post=970"},{"taxonomy":"post_tag","embeddable":true,"href":"https:\/\/www.logisquebec.com\/blog\/wp-json\/wp\/v2\/tags?post=970"}],"curies":[{"name":"wp","href":"https:\/\/api.w.org\/{rel}","templated":true}]}}